{"id":542,"date":"2025-09-06T22:42:36","date_gmt":"2025-09-06T20:42:36","guid":{"rendered":"https:\/\/www.nowa.swrodzina.org\/?p=542"},"modified":"2025-09-06T22:43:12","modified_gmt":"2025-09-06T20:43:12","slug":"ogloszenia-parafialne-23-niedziela-zwykla","status":"publish","type":"post","link":"http:\/\/www.nowa.swrodzina.org\/index.php\/2025\/09\/06\/ogloszenia-parafialne-23-niedziela-zwykla\/","title":{"rendered":"Og\u0142oszenia Parafialne 23 Niedziela Zwyk\u0142a"},"content":{"rendered":"<p><\/p><ol class=\"wp-block-list\"><li>Dzisiaj celebrujemy 23. niedziel\u0119 zwyk\u0142\u0105 i pierwsz\u0105 niedziel\u0119 miesi\u0105ca wrze\u015bnia, na zako\u0144czenie Mszy \u015bw. adoracja Naj\u015bwi\u0119tszego Sakramentu.<\/li><\/ol><ol start=\"2\" class=\"wp-block-list\"><li>Od dzisiaj, po okresie wakacyjnym, powraca niedzielna msza \u015bwi\u0119ta o godzinie 18.00. i wznawiamy wydawanie biuletynu parafialnego<\/li>\n\n<li>W zakrystii mo\u017cna pobra\u0107 karty zg\u0142oszeniowe dla dzieci, kt\u00f3re w roku 2026 przyst\u0105pi\u0105 do pierwszej spowiedzi i komunii \u015bwi\u0119tej. Wype\u0142nione karty prosimy odda\u0107 do kancelarii parafialnej lub zakrystii do ko\u0144ca wrze\u015bnia. W naszej parafii uroczysto\u015b\u0107 I komunii \u015bwi\u0119tej odb\u0119dzie si\u0119 w dniu 9 maja 2026 (sobota).<\/li>\n\n<li>Bardzo dzi\u0119kujemy za Wasz udzia\u0142 w festynie parafialnym. Dzi\u0119kujemy Radzie parafialnej za przygotowanie i czuwanie nad festynem. Wszystkim, kt\u00f3rzy podzielili si\u0119 swoimi produktami, wypiekami. B\u00f3g zap\u0142a\u0107<\/li>\n\n<li>W tym tygodniu wspominamy: w poniedzia\u0142ek \u015awi\u0119to Narodzenia Naj\u015bwi\u0119tszej Maryi Panny;\u00a0 sobot\u0119 wspomnienie \u015bw. Jana Chryzostoma, a w przysz\u0142\u0105 niedziel\u0119 \u015awi\u0119to Podwy\u017cszenia Krzy\u017ca \u015awi\u0119tego.<\/li>\n\n<li>W roku jubileuszowym zapraszamy na pielgrzymk\u0119 do Gietrzwa\u0142du, jedynego miejsca objawie\u0144 Maryi zatwierdzonych przez Ko\u015bci\u00f3\u0142 w Polsce, w przeddzie\u0144 uroczysto\u015bci odpustowych, w sobot\u0119 13 wrze\u015bnia. Koszt 45 z\u0142. Zapisy w zakrystii po mszach \u015bwi\u0119tych. Wyjazd o godz. 8.00. i powr\u00f3t ok. godz. 17-18. Tego dnia, czyli 13 wrze\u015bnia, wspominamy r\u00f3wnie\u017c 5 objawienie Matki Bo\u017cej w Fatimie. Zapraszamy na Msz\u0119 \u015bw. o godz. 18.00 po kt\u00f3rej nast\u0105pi procesja z figurk\u0105 wok\u00f3\u0142 naszego ko\u015bcio\u0142a i r\u00f3\u017caniec. Prosimy o wypisywanie intencji r\u00f3\u017ca\u0144cowych i sk\u0142adanie ich do skrzynki przy figurce Matki Bo\u017cej.<\/li>\n\n<li>Przy wyj\u015bciu z ko\u015bcio\u0142a mo\u017cna naby\u0107 nowe numery prasy katolickiej (<em>Go\u015b\u0107 Niedzielny<\/em>, <em>Niedziela<\/em>).<\/li>\n\n<li>Jeszcze do wtorku b\u0119dziemy zbiera\u0107 elektro-\u015bmieci celem wsparcia naszych polskich misjonarzy. Mniejszych gabaryt\u00f3w zbieramy u siebie, a te wi\u0119ksze prosimy o przewiezienie do parafii \u015bw. Rafa\u0142a Kalinowskiego przy ul. Sobieskiego. W dniu 10 wrze\u015bnia odb\u0119dzie si\u0119 ich odbi\u00f3r.<\/li>\n\n<li>Kancelaria parafialna czynna jest we wtoki i czwartki od 15.30 do 17.30.<\/li>\n\n<li>Zapisy kandydat\u00f3w do bierzmowania z klasy \u00f3smej szko\u0142y podstawowej i starszych u ks. Mateusza do ko\u0144ca wrze\u015bnia.<\/li>\n\n<li>Za tydzie\u0144, w niedziel\u0119, 14 wrze\u015bnia, ofiary sk\u0142adane w czasie Mszy \u015bw. b\u0119d\u0105 przeznaczone na prace remontowe.<\/li>\n\n<li>Spotkanie scholii dzieci\u0119cej za tydzie\u0144 w niedziel\u0119, 14 wrze\u015bnia, o 11.30 w salce parafialnej. Zapraszamy r\u00f3wnie\u017c nowe dzieci, kt\u00f3re by chcia\u0142y swoim \u015bpiewem ubogaci\u0107 liturgi\u0119.<\/li>\n\n<li>Dzi\u015b, podczas Mszy \u015bwi\u0119tej o 12.00 zostan\u0105 pob\u0142ogos\u0142awione przybory szkolne dla pierwszoklasist\u00f3w.<\/li>\n\n<li>Zbi\u00f3rka dla ministrant\u00f3w w sobot\u0119, 13 wrze\u015bnia, o 10.00 w ko\u015bciele. Zapraszamy r\u00f3wnie\u017c nowych ch\u0142opc\u00f3w, kt\u00f3rzy by chcieli r\u00f3wnie\u017c s\u0142u\u017cy\u0107 przy o\u0142tarzu.<\/li>\n\n<li>\u00a0Zosta\u0142o jeszcze 8 miejsc na pielgrzymk\u0119 \u015bladami \u015bw. Paw\u0142a na Malt\u0119 w dniach 19-25.04.2026 r. Ch\u0119tnych zapraszamy do zapisywania si\u0119 w zakrystii. Ca\u0142y program i koszty pielgrzymki wywieszone s\u0105 na tablicy og\u0142osze\u0144.<\/li><\/ol>","protected":false},"excerpt":{"rendered":"<p>Dzisiaj celebrujemy 23. niedziel\u0119 zwyk\u0142\u0105<\/p>\n","protected":false},"author":1,"featured_media":540,"comment_status":"closed","ping_status":"closed","sticky":false,"template":"","format":"standard","meta":{"footnotes":""},"categories":[17],"tags":[],"class_list":["post-542","post","type-post","status-publish","format-standard","has-post-thumbnail","hentry","category-ogloszenia-i-intencje"],"_links":{"self":[{"href":"http:\/\/www.nowa.swrodzina.org\/index.php\/wp-json\/wp\/v2\/posts\/542","targetHints":{"allow":["GET"]}}],"collection":[{"href":"http:\/\/www.nowa.swrodzina.org\/index.php\/wp-json\/wp\/v2\/posts"}],"about":[{"href":"http:\/\/www.nowa.swrodzina.org\/index.php\/wp-json\/wp\/v2\/types\/post"}],"author":[{"embeddable":true,"href":"http:\/\/www.nowa.swrodzina.org\/index.php\/wp-json\/wp\/v2\/users\/1"}],"replies":[{"embeddable":true,"href":"http:\/\/www.nowa.swrodzina.org\/index.php\/wp-json\/wp\/v2\/comments?post=542"}],"version-history":[{"count":1,"href":"http:\/\/www.nowa.swrodzina.org\/index.php\/wp-json\/wp\/v2\/posts\/542\/revisions"}],"predecessor-version":[{"id":543,"href":"http:\/\/www.nowa.swrodzina.org\/index.php\/wp-json\/wp\/v2\/posts\/542\/revisions\/543"}],"wp:featuredmedia":[{"embeddable":true,"href":"http:\/\/www.nowa.swrodzina.org\/index.php\/wp-json\/wp\/v2\/media\/540"}],"wp:attachment":[{"href":"http:\/\/www.nowa.swrodzina.org\/index.php\/wp-json\/wp\/v2\/media?parent=542"}],"wp:term":[{"taxonomy":"category","embeddable":true,"href":"http:\/\/www.nowa.swrodzina.org\/index.php\/wp-json\/wp\/v2\/categories?post=542"},{"taxonomy":"post_tag","embeddable":true,"href":"http:\/\/www.nowa.swrodzina.org\/index.php\/wp-json\/wp\/v2\/tags?post=542"}],"curies":[{"name":"wp","href":"https:\/\/api.w.org\/{rel}","templated":true}]}}