{"id":531,"date":"2025-08-30T17:59:00","date_gmt":"2025-08-30T15:59:00","guid":{"rendered":"https:\/\/www.nowa.swrodzina.org\/?p=531"},"modified":"2025-08-31T13:06:38","modified_gmt":"2025-08-31T11:06:38","slug":"intencje-mszalne-22-niedziela-zwykla","status":"publish","type":"post","link":"http:\/\/www.nowa.swrodzina.org\/index.php\/2025\/08\/30\/intencje-mszalne-22-niedziela-zwykla\/","title":{"rendered":"Intencje Mszalne\u00a022 Niedziela Zwyk\u0142a"},"content":{"rendered":"<figure class=\"wp-block-table\"><table><tbody><tr><td class=\"has-text-align-center\" data-align=\"center\" colspan=\"7\"><strong>Poniedzia\u0142ek,<\/strong> 1 wrze\u015bnia 2025<\/td><\/tr><tr><td class=\"has-text-align-center\" data-align=\"center\" rowspan=\"4\"><strong>\u0141k 4, 16-30<\/strong> <br>Jezus nieprzyj\u0119ty w Nazarecie &nbsp;<\/td><td>8.00<\/td><td colspan=\"2\">1.<\/td><td colspan=\"3\">O Bo\u017ce b\u0142ogos\u0142awie\u0144stwo i obfite \u0142aski dla uczni\u00f3w, rodzic\u00f3w i nauczycieli na nowy rok szkolny i katechetyczny.<\/td><\/tr><tr><td class=\"has-text-align-center\" data-align=\"center\">12.00<\/td><td colspan=\"2\">1.<\/td><td colspan=\"3\">\u015bp. Daniela ZALEWSKA (gr. 1)<\/td><\/tr><tr><td class=\"has-text-align-center\" data-align=\"center\" rowspan=\"2\">18.00<\/td><td colspan=\"2\">1.<\/td><td colspan=\"3\">Dzi\u0119kczynno \u2013 b\u0142agalna o Bo\u017ce b\u0142ogos\u0142awie\u0144stwo, obfite \u0142aski, charyzmaty, dary i owoce Ducha \u015awi\u0119tego dla ks. Mateusza oraz cz\u0142onk\u00f3w wsp\u00f3lnoty \u201eNazaret\u201d i ich rodzin<\/td><\/tr><tr><td class=\"has-text-align-center\" data-align=\"center\" colspan=\"2\">2.<\/td><td colspan=\"3\">O Bo\u017ce b\u0142ogos\u0142awie\u0144stwo i opiek\u0119 Matki Bo\u017cej dla Henryki z okazji 101 urodzin<\/td><\/tr><tr><td class=\"has-text-align-center\" data-align=\"center\" colspan=\"7\"><strong>Wtorek<\/strong>, 2 wrze\u015bnia 2025<\/td><\/tr><tr><td class=\"has-text-align-center\" data-align=\"center\" rowspan=\"3\"><strong>\u0141k 4, 31-37<\/strong> <br>Uzdrowienie op\u0119tanego<\/td><td>12.00<\/td><td colspan=\"3\">1.<\/td><td colspan=\"2\">\u015bp. Roman LEWANDOWSKI<\/td><\/tr><tr><td class=\"has-text-align-center\" data-align=\"center\" rowspan=\"2\">18.00<\/td><td colspan=\"3\">1.<\/td><td colspan=\"2\">\u015bp. Gertruda BA\u0141KOWSKA (2 rocz. \u015bmierci)<\/td><\/tr><tr><td class=\"has-text-align-center\" data-align=\"center\" colspan=\"3\">2.<\/td><td colspan=\"2\">\u015bp. Daniela ZALEWSKA (gr. 2)<\/td><\/tr><tr><td class=\"has-text-align-center\" data-align=\"center\" colspan=\"7\"><strong>\u015aroda<\/strong>, 3 wrze\u015bnia 2025<\/td><\/tr><tr><td class=\"has-text-align-center\" data-align=\"center\" rowspan=\"3\"><strong>\u0141k 4, 38-44<\/strong> <br>Liczne uzdrowienia <br><strong><u>Wspomnienie \u015bw. Grzegorza Wielkiego, papie\u017ca i doktora Ko\u015bcio\u0142a<\/u><\/strong><\/td><td>12.00<\/td><td colspan=\"3\">1.<\/td><td colspan=\"2\">\u015bp. Daniela ZALEWSKA (gr. 3)<\/td><\/tr><tr><td class=\"has-text-align-center\" data-align=\"center\" rowspan=\"2\">18.00<\/td><td colspan=\"3\">1.<\/td><td colspan=\"2\">O Bo\u017ce b\u0142ogos\u0142awie\u0144stwo i potrzebna \u0142aski dla Danieli i Norberta WOLM<\/td><\/tr><tr><td class=\"has-text-align-center\" data-align=\"center\" colspan=\"3\">2.<\/td><td colspan=\"2\">\u015bp. Bronis\u0142awa (k) i Arkadiusz PRZYTU\u0141A w 20 rocz. \u015bmierci i Wanda i Rajmund JANKOWSCY<\/td><\/tr><tr><td class=\"has-text-align-center\" data-align=\"center\" colspan=\"7\"><strong>Czwartek<\/strong>, 4 wrze\u015bnia 2025<\/td><\/tr><tr><td class=\"has-text-align-center\" data-align=\"center\" rowspan=\"3\"><strong>\u0141k 5, 1-11<\/strong> <br>Cudowny po\u0142\u00f3w ryb i powo\u0142anie aposto\u0142\u00f3w <strong><u>&nbsp;<\/u><\/strong><\/td><td>12.00<\/td><td colspan=\"3\">1.<\/td><td colspan=\"2\">O \u015bwi\u0119te i liczne powo\u0142ania kap\u0142a\u0144skie, zakonne i misyjne oraz o wytrwa\u0142o\u015b\u0107 w powo\u0142aniu (intencja od wsp\u00f3lnoty \u017bywego R\u00f3\u017ca\u0144ca)<\/td><\/tr><tr><td class=\"has-text-align-center\" data-align=\"center\" rowspan=\"2\">18.00<\/td><td colspan=\"3\">1.<\/td><td colspan=\"2\">\u015bp Gertruda BIA\u0141KOWSKA<\/td><\/tr><tr><td class=\"has-text-align-center\" data-align=\"center\" colspan=\"3\">2.<\/td><td colspan=\"2\">\u015bp. Daniela ZALEWSKA (gr. 4)<\/td><\/tr><tr><td class=\"has-text-align-center\" data-align=\"center\" colspan=\"7\"><strong>Pi\u0105tek<\/strong>, 5&nbsp; wrze\u015bnia 2025<\/td><\/tr><tr><td class=\"has-text-align-center\" data-align=\"center\" rowspan=\"4\"><strong>\u0141k 5, 33-39<\/strong> <br>Nowo\u015b\u0107 nauki Jezusa<\/td><td colspan=\"2\" rowspan=\"2\">12.00<\/td><td colspan=\"2\">1.<\/td><td colspan=\"2\">Za czcicieli &nbsp;Naj\u015bwi\u0119tszego Serca Pana Jezusa<\/td><\/tr><tr><td class=\"has-text-align-center\" data-align=\"center\" colspan=\"2\">2.<\/td><td colspan=\"2\">\u015bp. Daniela ZALEWSKA (gr. 5)<\/td><\/tr><tr><td class=\"has-text-align-center\" data-align=\"center\" colspan=\"2\" rowspan=\"2\">18.00<\/td><td colspan=\"2\">1.<\/td><td colspan=\"2\">Za czcicieli &nbsp;Naj\u015bwi\u0119tszego Serca Pana Jezusa<\/td><\/tr><tr><td class=\"has-text-align-center\" data-align=\"center\" colspan=\"2\">2.<\/td><td colspan=\"2\">\u015bp. Jadwiga, Eugeniusz, Wies\u0142aw SZA\u0141KOWSCY i zmarli dziadkowie z obojga stron<\/td><\/tr><tr><td class=\"has-text-align-center\" data-align=\"center\" colspan=\"7\"><strong>Sobota<\/strong>, 6&nbsp; wrze\u015bnia 2025<\/td><\/tr><tr><td class=\"has-text-align-center\" data-align=\"center\" rowspan=\"3\"><strong>\u0141k 6, 1-5<\/strong> <br>Chrystus jest Panem szabatu<\/td><td rowspan=\"2\">12.00<\/td><td colspan=\"4\">1.<\/td><td>\u015bp. Daniela ZALEWSKA (gr. 6)<\/td><\/tr><tr><td class=\"has-text-align-center\" data-align=\"center\" colspan=\"4\">2.<\/td><td>O Bo\u017ce b\u0142ogos\u0142awie\u0144stwo i potrzebne \u0142aski dla El\u017cbiety i Jana CHARKIEWICZ w 50. rocznic\u0119 \u015blubu<\/td><\/tr><tr><td class=\"has-text-align-center\" data-align=\"center\">18.00<\/td><td colspan=\"4\">1.<\/td><td>\u015bp. Weronika i J\u00f3zef JAKU\u0106, Helena SZAWDZI\u0143 i zmarli z rodziny<\/td><\/tr><tr><td class=\"has-text-align-center\" data-align=\"center\" colspan=\"7\"><strong>Niedziela, 7 wrze\u015bnia 2025<\/strong><\/td><\/tr><tr><td class=\"has-text-align-center\" data-align=\"center\" rowspan=\"7\"><strong>\u0141k 14, 25-33<\/strong> <br>Kto nie wyrzeka si\u0119 wszystkiego, nie mo\u017ce by\u0107 uczniem Jezusa <br><strong>23 niedziela zwyk\u0142a<\/strong><\/td><td>07.30<\/td><td colspan=\"5\">O powo\u0142ania kap\u0142a\u0144skie, zakonne i misyjne z naszej wsp\u00f3lnoty parafialnej oraz opiek\u0119 Bo\u017ca dla powo\u0142anych \u2013 V r\u00f3\u017ca<\/td><\/tr><tr><td class=\"has-text-align-center\" data-align=\"center\">09.00<\/td><td colspan=\"5\">\u015bp. W\u0142adys\u0142aw i Janina MAKOWSCY<\/td><\/tr><tr><td class=\"has-text-align-center\" data-align=\"center\">10.30<\/td><td colspan=\"5\">O Bo\u017ce b\u0142ogos\u0142awie\u0144stwo i potrzebne \u0142aski w 35 rocznic\u0119 \u015blubu dla Beaty i Marka oraz ca\u0142ej rodziny<\/td><\/tr><tr><td class=\"has-text-align-center\" data-align=\"center\">10.30<\/td><td colspan=\"5\">\u015bp. Przemys\u0142aw Rogowski w 3. miesi\u0105c po pogrzebie<\/td><\/tr><tr><td class=\"has-text-align-center\" data-align=\"center\">12.00<\/td><td colspan=\"5\">O Bo\u017ce b\u0142ogos\u0142awie\u0144stwo i potrzebne \u0142aski dla Danuty i Jana&nbsp; G\u0141ADKICH w 50. rocznic\u0119 \u015blubu<\/td><\/tr><tr><td class=\"has-text-align-center\" data-align=\"center\">18.00<\/td><td colspan=\"5\">\u015bp. Daniela ZALEWSKA (gr. 7)<\/td><\/tr><tr><td class=\"has-text-align-center\" data-align=\"center\">20.00<\/td><td colspan=\"5\">Za Parafian<\/td><\/tr><\/tbody><\/table><\/figure>","protected":false},"excerpt":{"rendered":"<p>Intencje mszalne 01.09- 07.09<\/p>\n","protected":false},"author":1,"featured_media":532,"comment_status":"closed","ping_status":"closed","sticky":false,"template":"","format":"standard","meta":{"footnotes":""},"categories":[17],"tags":[],"class_list":["post-531","post","type-post","status-publish","format-standard","has-post-thumbnail","hentry","category-ogloszenia-i-intencje"],"_links":{"self":[{"href":"http:\/\/www.nowa.swrodzina.org\/index.php\/wp-json\/wp\/v2\/posts\/531","targetHints":{"allow":["GET"]}}],"collection":[{"href":"http:\/\/www.nowa.swrodzina.org\/index.php\/wp-json\/wp\/v2\/posts"}],"about":[{"href":"http:\/\/www.nowa.swrodzina.org\/index.php\/wp-json\/wp\/v2\/types\/post"}],"author":[{"embeddable":true,"href":"http:\/\/www.nowa.swrodzina.org\/index.php\/wp-json\/wp\/v2\/users\/1"}],"replies":[{"embeddable":true,"href":"http:\/\/www.nowa.swrodzina.org\/index.php\/wp-json\/wp\/v2\/comments?post=531"}],"version-history":[{"count":2,"href":"http:\/\/www.nowa.swrodzina.org\/index.php\/wp-json\/wp\/v2\/posts\/531\/revisions"}],"predecessor-version":[{"id":537,"href":"http:\/\/www.nowa.swrodzina.org\/index.php\/wp-json\/wp\/v2\/posts\/531\/revisions\/537"}],"wp:featuredmedia":[{"embeddable":true,"href":"http:\/\/www.nowa.swrodzina.org\/index.php\/wp-json\/wp\/v2\/media\/532"}],"wp:attachment":[{"href":"http:\/\/www.nowa.swrodzina.org\/index.php\/wp-json\/wp\/v2\/media?parent=531"}],"wp:term":[{"taxonomy":"category","embeddable":true,"href":"http:\/\/www.nowa.swrodzina.org\/index.php\/wp-json\/wp\/v2\/categories?post=531"},{"taxonomy":"post_tag","embeddable":true,"href":"http:\/\/www.nowa.swrodzina.org\/index.php\/wp-json\/wp\/v2\/tags?post=531"}],"curies":[{"name":"wp","href":"https:\/\/api.w.org\/{rel}","templated":true}]}}