{"id":525,"date":"2025-08-23T18:00:00","date_gmt":"2025-08-23T16:00:00","guid":{"rendered":"https:\/\/www.nowa.swrodzina.org\/?p=525"},"modified":"2025-08-24T07:42:12","modified_gmt":"2025-08-24T05:42:12","slug":"ogloszenia-parafialne-20-niedziela-zwykla-2","status":"publish","type":"post","link":"http:\/\/www.nowa.swrodzina.org\/index.php\/2025\/08\/23\/ogloszenia-parafialne-20-niedziela-zwykla-2\/","title":{"rendered":"Og\u0142oszenia Parafialne 21 Niedziela Zwyk\u0142a"},"content":{"rendered":"<ol class=\"wp-block-list\"><li>Dzisiaj celebrujemy 21. niedziel\u0119 zwyk\u0142\u0105.<\/li>\n\n<li>We wtorek obchodzimy uroczysto\u015b\u0107 Naj\u015bwi\u0119tszej Maryi Panny Cz\u0119stochowskiej. Msze \u015bwi\u0119te<br>o godzinie 12.00 i 18.00. Tego dnia na zako\u0144czenie mszy \u015bwi\u0119tej odnowimy \u015bluby jasnog\u00f3rskie.<\/li>\n\n<li>W \u015brod\u0119 wspominamy&nbsp; \u015bw. Monik\u0119, w czwartek \u015bw. Augustyna, biskupa i doktora Ko\u015bcio\u0142a,<br>w pi\u0105tek m\u0119cze\u0144stwo \u015bw. Jana Chrzciciela.<\/li>\n\n<li>Organizujemy pielgrzymk\u0119 do Gietrzwa\u0142du, jedynego miejsca objawie\u0144 Maryi zatwierdzonych przez Ko\u015bci\u00f3\u0142 w Polsce, w przeddzie\u0144 uroczysto\u015bci odpustowych, w sobot\u0119 13 wrze\u015bnia. Koszt 45 z\u0142. Zapisy w zakrystii po mszach \u015bwi\u0119tych.<\/li>\n\n<li>Od przysz\u0142ej niedzieli, 31 sierpnia, b\u0119dzie mo\u017cliwo\u015b\u0107 zg\u0142oszenia dzieci, kt\u00f3re w roku 2026 przyst\u0105pi\u0105 do pierwszej spowiedzi i komunii \u015bwi\u0119tej. Karty zg\u0142oszeniowe mo\u017cna pobra\u0107 w zakrystii. Wype\u0142nione karty prosimy odda\u0107 do kancelarii parafialnej lub zakrystii do ko\u0144ca wrze\u015bnia. W naszej parafii uroczysto\u015b\u0107 I komunii \u015bwi\u0119tej odb\u0119dzie si\u0119 w dniu 9 maja 2026 (sobota).<\/li>\n\n<li>Za tydzie\u0144, w poniedzia\u0142ek 1 wrze\u015bnia o godz. 8.00, zapraszamy dzieci, m\u0142odzie\u017c, rodzic\u00f3w, nauczycieli, wychowawc\u00f3w na msz\u0119 \u015bwi\u0119t\u0105&nbsp; z okazji rozpocz\u0119cia roku szkolnego i katechetycznego.<\/li>\n\n<li>Zapraszamy na nabo\u017ce\u0144stwa w ci\u0105gu tygodnia: we \u015brod\u0119 Msza \u015bw. i Nowenna do Matki Bo\u017cej Nieustaj\u0105cej Pomocy, w pi\u0105tek Msza \u015bw. w intencjach Czcicieli Mi\u0142osierdzia Bo\u017cego i Koronka do Bo\u017cego Mi\u0142osierdzia.<\/li>\n\n<li>Wszystkich parafian i go\u015bci zapraszamy do udzia\u0142u w festynie parafialnym, kt\u00f3ry odb\u0119dzie si\u0119<br>w niedziel\u0119 31 sierpnia po Mszy \u015bw. o godz. 12.00 na terenie zieleni miejskiej za ko\u015bcio\u0142em.<\/li>\n\n<li>Po mszach \u015bwi\u0119tych b\u0119dzie zbierana puszka na utrzymanie i funkcjonowanie Wy\u017cszego Seminarium Duchownego Diecezji Elbl\u0105skiej.<\/li>\n\n<li>Przy wyj\u015bciu z ko\u015bcio\u0142a mo\u017cna naby\u0107 nowe numery prasy katolickiej (<em>Go\u015b\u0107 Niedzielny<\/em>, <em>Niedziela<\/em>).<\/li>\n\n<li>Zapraszamy do udzia\u0142u w og\u00f3lnopolskiej zbi\u00f3rce zu\u017cytego sprz\u0119tu elektrycznego i elektronicznego celem wsparcia polskich misjonarzy. Ma\u0142e elektro-opady mo\u017cna sk\u0142ada\u0107 w godzinach otwarcia kancelarii parafialnej i po Mszach \u015bw. w dzie\u0144 powszedni, natomiast wi\u0119ksze (pralki, lod\u00f3wki, itp.) nale\u017cy sk\u0142ada\u0107 przy parafii \u015bw. Rafa\u0142a Kalinowskiego. Odpady nale\u017cy dostarcza\u0107 w dniach 8-9 wrze\u015bnia, gdy\u017c 10 wrze\u015bnia odb\u0119dzie si\u0119 ich odbi\u00f3r.<\/li>\n\n<li>W dniach 30\u201331 sierpnia w Elbl\u0105gu na placu katedralnym odb\u0119dzie si\u0119 Jasn\u0105 Stron\u0119 Miasta. W programie Eucharystia, spowied\u017a, koncerty, konferencje i wiele przestrzeni do spotkania z Bogiem i drugim cz\u0142owiekiem.<\/li>\n\n<li>Przypominamy, \u017ce trwa rekrutacja do seminarium duchownego w Elbl\u0105gu, a tak\u017ce na studia<br>z teologii, nauk o rodzinie i muzyki sakralnej na Wydziale Teologii w Olsztynie. Studenci \u015bwieccy mog\u0105 teologi\u0119 studiowa\u0107 jako drugi dodatkowy kierunek.<\/li>\n\n<li>\u017byczymy dobrego czasu wakacji, odpoczynku i nabierania si\u0142 na trud codziennej pracy.<\/li><\/ol>","protected":false},"excerpt":{"rendered":"<p>Dzisiaj celebrujemy 21. niedziel\u0119 zwyk\u0142\u0105<\/p>\n","protected":false},"author":1,"featured_media":523,"comment_status":"closed","ping_status":"closed","sticky":false,"template":"","format":"standard","meta":{"footnotes":""},"categories":[17],"tags":[],"class_list":["post-525","post","type-post","status-publish","format-standard","has-post-thumbnail","hentry","category-ogloszenia-i-intencje"],"_links":{"self":[{"href":"http:\/\/www.nowa.swrodzina.org\/index.php\/wp-json\/wp\/v2\/posts\/525","targetHints":{"allow":["GET"]}}],"collection":[{"href":"http:\/\/www.nowa.swrodzina.org\/index.php\/wp-json\/wp\/v2\/posts"}],"about":[{"href":"http:\/\/www.nowa.swrodzina.org\/index.php\/wp-json\/wp\/v2\/types\/post"}],"author":[{"embeddable":true,"href":"http:\/\/www.nowa.swrodzina.org\/index.php\/wp-json\/wp\/v2\/users\/1"}],"replies":[{"embeddable":true,"href":"http:\/\/www.nowa.swrodzina.org\/index.php\/wp-json\/wp\/v2\/comments?post=525"}],"version-history":[{"count":4,"href":"http:\/\/www.nowa.swrodzina.org\/index.php\/wp-json\/wp\/v2\/posts\/525\/revisions"}],"predecessor-version":[{"id":529,"href":"http:\/\/www.nowa.swrodzina.org\/index.php\/wp-json\/wp\/v2\/posts\/525\/revisions\/529"}],"wp:featuredmedia":[{"embeddable":true,"href":"http:\/\/www.nowa.swrodzina.org\/index.php\/wp-json\/wp\/v2\/media\/523"}],"wp:attachment":[{"href":"http:\/\/www.nowa.swrodzina.org\/index.php\/wp-json\/wp\/v2\/media?parent=525"}],"wp:term":[{"taxonomy":"category","embeddable":true,"href":"http:\/\/www.nowa.swrodzina.org\/index.php\/wp-json\/wp\/v2\/categories?post=525"},{"taxonomy":"post_tag","embeddable":true,"href":"http:\/\/www.nowa.swrodzina.org\/index.php\/wp-json\/wp\/v2\/tags?post=525"}],"curies":[{"name":"wp","href":"https:\/\/api.w.org\/{rel}","templated":true}]}}