{"id":522,"date":"2025-08-23T17:59:00","date_gmt":"2025-08-23T15:59:00","guid":{"rendered":"https:\/\/www.nowa.swrodzina.org\/?p=522"},"modified":"2025-08-22T13:50:52","modified_gmt":"2025-08-22T11:50:52","slug":"intencje-mszalne-21-niedziela-zwykla","status":"publish","type":"post","link":"http:\/\/www.nowa.swrodzina.org\/index.php\/2025\/08\/23\/intencje-mszalne-21-niedziela-zwykla\/","title":{"rendered":"Intencje Mszalne\u00a021 Niedziela Zwyk\u0142a"},"content":{"rendered":"<figure class=\"wp-block-table\"><table><tbody><tr><td class=\"has-text-align-center\" data-align=\"center\" colspan=\"7\"><strong>Poniedzia\u0142ek,<\/strong> 25 sierpnia 2025<\/td><\/tr><tr><td class=\"has-text-align-center\" data-align=\"center\" rowspan=\"3\"><strong>Mt 23, 13-22<\/strong> <br>Za\u015blepienie faryzeusz\u00f3w<\/td><td>12.00<\/td><td colspan=\"2\">1.<\/td><td colspan=\"3\">\u015bp. REMILIA, Janina i Stanis\u0142aw (m) oraz rodzice z obojga stron<\/td><\/tr><tr><td class=\"has-text-align-center\" data-align=\"center\" rowspan=\"2\">18.00<\/td><td colspan=\"2\">1.<\/td><td colspan=\"3\">\u015bp. Janusz BOCZKOWSKI<\/td><\/tr><tr><td class=\"has-text-align-center\" data-align=\"center\" colspan=\"2\">2.<\/td><td colspan=\"3\">&nbsp;&nbsp; \u015bp. Zbigniew WALCZAK w 30. dzie\u0144 po pogrzebie<\/td><\/tr><tr><td class=\"has-text-align-center\" data-align=\"center\" colspan=\"7\"><strong>Wtorek<\/strong>, 26 sierpnia 2025<\/td><\/tr><tr><td class=\"has-text-align-center\" data-align=\"center\" rowspan=\"3\"><strong>J 2, 1-11<\/strong> <br>Na weselu w Kanie Galilejskiej by\u0142a Matka Jezusa <br><strong><u>Uroczysto\u015b\u0107 Naj\u015bwi\u0119tszej Maryi Panny Cz\u0119stochowskiej<\/u><\/strong> <strong><u>\u00a0<\/u><\/strong><\/td><td>12.00<\/td><td colspan=\"3\">1.<\/td><td colspan=\"2\">\u015bp. Jerzy JURKIEWICZ (3. rocz. \u015bmierci) i zmarli z obojga stron<\/td><\/tr><tr><td class=\"has-text-align-center\" data-align=\"center\" rowspan=\"2\">18.00<\/td><td colspan=\"3\">1.<\/td><td colspan=\"2\">\u015bp. Joanna i Tadeusz KURC, Stanis\u0142awa (k) i Czes\u0142aw NOWACZYK oraz wszyscy zmarli z ich rodzin<\/td><\/tr><tr><td class=\"has-text-align-center\" data-align=\"center\" colspan=\"3\">2.<\/td><td colspan=\"2\">\u015bp. Wies\u0142aw GOC\u0141AWSKI w 30. dzie\u0144 po pogrzebie<\/td><\/tr><tr><td class=\"has-text-align-center\" data-align=\"center\" colspan=\"7\"><strong>\u015aroda<\/strong>, 27 sierpnia 2025<\/td><\/tr><tr><td class=\"has-text-align-center\" data-align=\"center\" rowspan=\"3\"><strong>Mt 23, 27-32<\/strong> <br>Biada ob\u0142udnikom <br><strong><u>Wspomnienie \u015bw. Moniki<\/u><\/strong><\/td><td>12.00<\/td><td colspan=\"3\">1.<\/td><td colspan=\"2\">\u015bp. Leon LACHOWICZ (2. rocz \u015bmierci) i zmarli rodzice: Helena i Aleksander oraz zamarli z rodziny<\/td><\/tr><tr><td class=\"has-text-align-center\" data-align=\"center\" rowspan=\"2\">18.00<\/td><td colspan=\"3\">1<\/td><td colspan=\"2\">\u015bp. Dariusz SZCZEPKOWSKI<\/td><\/tr><tr><td class=\"has-text-align-center\" data-align=\"center\" colspan=\"3\">2.<\/td><td colspan=\"2\">W intencji wszystkich organizator\u00f3w i uczestnik\u00f3w dzie\u0142a ewangelizacyjnego Jasna Strona Miasta z pro\u015bb\u0105 o Bo\u017ce b\u0142ogos\u0142awie\u0144stwo, opiek\u0119 Maryi i opiek\u0119 Ducha \u015awi\u0119tego<\/td><\/tr><tr><td class=\"has-text-align-center\" data-align=\"center\" colspan=\"7\"><strong>Czwartek<\/strong>, 28 sierpnia 2025<\/td><\/tr><tr><td class=\"has-text-align-center\" data-align=\"center\" rowspan=\"3\"><strong>Mk 6, 17-29<\/strong> <br>\u015aci\u0119cie Jana Chrzciciela <br><strong><u>Wspomnienie \u015bw. Augustyna, biskupa i doktora Ko\u015bcio\u0142a<\/u><\/strong><\/td><td rowspan=\"2\">12.00<\/td><td colspan=\"3\">1.<\/td><td colspan=\"2\">\u015bp. Jan OLSZEWSKI (5. rocz. \u015bmierci)<\/td><\/tr><tr><td class=\"has-text-align-center\" data-align=\"center\" colspan=\"3\">2.<\/td><td colspan=\"2\">\u015bp. Jan OLSZEWSKI (5. rocz. \u015bmierci) i zmarli rodzice Jan i Marianna<\/td><\/tr><tr><td class=\"has-text-align-center\" data-align=\"center\">18.00<\/td><td colspan=\"3\">1.<\/td><td colspan=\"2\">\u015bp Henryk KORZENIEWSKI<\/td><\/tr><tr><td class=\"has-text-align-center\" data-align=\"center\" colspan=\"7\"><strong>Pi\u0105tek<\/strong>, 29 sierpnia 2025<\/td><\/tr><tr><td class=\"has-text-align-center\" data-align=\"center\" rowspan=\"3\"><strong>Mt 25, 1-13<\/strong> <br>Przypowie\u015b\u0107 o dziesi\u0119ciu pannach <br><strong><u>Wspomnienie m\u0119cze\u0144stwa \u015bw. Jana Chrzciciela<\/u><\/strong><\/td><td colspan=\"2\">12.00<\/td><td colspan=\"2\">1.<\/td><td colspan=\"2\">Za czcicieli Mi\u0142osierdzia Bo\u017cego<\/td><\/tr><tr><td class=\"has-text-align-center\" data-align=\"center\" colspan=\"2\" rowspan=\"2\">18.00<\/td><td colspan=\"2\">1.<\/td><td colspan=\"2\">Za czcicieli Mi\u0142osierdzia Bo\u017cego<\/td><\/tr><tr><td class=\"has-text-align-center\" data-align=\"center\" colspan=\"2\">2.<\/td><td colspan=\"2\">\u015bp. Halina WANIEK w 30. dzie\u0144 po pogrzebie<\/td><\/tr><tr><td class=\"has-text-align-center\" data-align=\"center\" colspan=\"7\"><strong>Sobota<\/strong>, 30 sierpnia 2025<\/td><\/tr><tr><td class=\"has-text-align-center\" data-align=\"center\" rowspan=\"3\"><strong>Mt 25, 14-30<\/strong> <br>Przypowie\u015b\u0107 o talentach<\/td><td rowspan=\"2\">12.00<\/td><td colspan=\"4\">1.<\/td><td>Dzi\u0119kczynna w 50. rocznic\u0119 sakramentu ma\u0142\u017ce\u0144stwa El\u017cbiety i Romana z pro\u015bb\u0105 o Bo\u017ce b\u0142ogos\u0142awie\u0144stwo i opiek\u0119 \u015bw. Rodziny dla ma\u0142\u017conk\u00f3w oraz ich rodziny<\/td><\/tr><tr><td class=\"has-text-align-center\" data-align=\"center\" colspan=\"4\">2.<\/td><td>\u015bp. Bogumi\u0142a PIOTRZKOWSKA (1. rocz. \u015bmierci)<\/td><\/tr><tr><td class=\"has-text-align-center\" data-align=\"center\">18.00<\/td><td colspan=\"4\">1.<\/td><td>\u015bp. Jan PACZKOWSKI (8. rocz. \u015bmierci)<\/td><\/tr><tr><td class=\"has-text-align-center\" data-align=\"center\" colspan=\"7\"><strong>Niedziela, 31 sierpnia 2025<\/strong><\/td><\/tr><tr><td class=\"has-text-align-center\" data-align=\"center\" rowspan=\"6\"><strong>\u0141k 14, 1. 7-14<\/strong> <br>Kto si\u0119 wywy\u017csza, b\u0119dzie poni\u017cony, a kto si\u0119 uni\u017ca, b\u0119dzie wywy\u017cszony <br><strong>22 niedziela zwyk\u0142a<\/strong><\/td><td>07.30<\/td><td colspan=\"5\">Za Parafian<\/td><\/tr><tr><td class=\"has-text-align-center\" data-align=\"center\">09.00<\/td><td colspan=\"5\">\u015bp. J\u00f3zefa (k), Stanis\u0142aw \u0141ASZYC oraz zmarli z rodziny z obojga stron<\/td><\/tr><tr><td class=\"has-text-align-center\" data-align=\"center\">10.30<\/td><td colspan=\"5\">Z okazji rozpocz\u0119cia roku szkolnego z pro\u015bb\u0105 o Bo\u017ce b\u0142ogos\u0142awie\u0144stwo i Dary Ducha \u015awi\u0119tego dla Helenki i Antka<\/td><\/tr><tr><td class=\"has-text-align-center\" data-align=\"center\">10.30<\/td><td colspan=\"5\">\u015bp. Stanis\u0142aw G\u0141ADKI (21. rocz. \u015bmierci) i zmarli z rodziny<\/td><\/tr><tr><td class=\"has-text-align-center\" data-align=\"center\">12.00<\/td><td colspan=\"5\">\u015bp. Jan&nbsp; \u0141USZKIEWICZ (7. rocz. \u015bmierci), Urszula i J\u00f3zef&nbsp; \u0141USZKIEWICZ<\/td><\/tr><tr><td class=\"has-text-align-center\" data-align=\"center\">20.00<\/td><td colspan=\"5\">\u015bp. syn Waldemar i m\u0105\u017c Feliks oraz zmarli rodzice i Te\u015bciowie<\/td><\/tr><\/tbody><\/table><\/figure>","protected":false},"excerpt":{"rendered":"<p>Intencje mszalne 25.08- 31.08<\/p>\n","protected":false},"author":1,"featured_media":523,"comment_status":"closed","ping_status":"closed","sticky":false,"template":"","format":"standard","meta":{"footnotes":""},"categories":[17],"tags":[],"class_list":["post-522","post","type-post","status-publish","format-standard","has-post-thumbnail","hentry","category-ogloszenia-i-intencje"],"_links":{"self":[{"href":"http:\/\/www.nowa.swrodzina.org\/index.php\/wp-json\/wp\/v2\/posts\/522","targetHints":{"allow":["GET"]}}],"collection":[{"href":"http:\/\/www.nowa.swrodzina.org\/index.php\/wp-json\/wp\/v2\/posts"}],"about":[{"href":"http:\/\/www.nowa.swrodzina.org\/index.php\/wp-json\/wp\/v2\/types\/post"}],"author":[{"embeddable":true,"href":"http:\/\/www.nowa.swrodzina.org\/index.php\/wp-json\/wp\/v2\/users\/1"}],"replies":[{"embeddable":true,"href":"http:\/\/www.nowa.swrodzina.org\/index.php\/wp-json\/wp\/v2\/comments?post=522"}],"version-history":[{"count":1,"href":"http:\/\/www.nowa.swrodzina.org\/index.php\/wp-json\/wp\/v2\/posts\/522\/revisions"}],"predecessor-version":[{"id":524,"href":"http:\/\/www.nowa.swrodzina.org\/index.php\/wp-json\/wp\/v2\/posts\/522\/revisions\/524"}],"wp:featuredmedia":[{"embeddable":true,"href":"http:\/\/www.nowa.swrodzina.org\/index.php\/wp-json\/wp\/v2\/media\/523"}],"wp:attachment":[{"href":"http:\/\/www.nowa.swrodzina.org\/index.php\/wp-json\/wp\/v2\/media?parent=522"}],"wp:term":[{"taxonomy":"category","embeddable":true,"href":"http:\/\/www.nowa.swrodzina.org\/index.php\/wp-json\/wp\/v2\/categories?post=522"},{"taxonomy":"post_tag","embeddable":true,"href":"http:\/\/www.nowa.swrodzina.org\/index.php\/wp-json\/wp\/v2\/tags?post=522"}],"curies":[{"name":"wp","href":"https:\/\/api.w.org\/{rel}","templated":true}]}}