{"id":520,"date":"2025-08-17T08:07:43","date_gmt":"2025-08-17T06:07:43","guid":{"rendered":"https:\/\/www.nowa.swrodzina.org\/?p=520"},"modified":"2025-08-17T08:07:44","modified_gmt":"2025-08-17T06:07:44","slug":"ogloszenia-parafialne-20-niedziela-zwykla","status":"publish","type":"post","link":"http:\/\/www.nowa.swrodzina.org\/index.php\/2025\/08\/17\/ogloszenia-parafialne-20-niedziela-zwykla\/","title":{"rendered":"Og\u0142oszenia Parafialne 20 Niedziela Zwyk\u0142a"},"content":{"rendered":"<p><strong>Og\u0142oszenia Parafialne 17 sierpnia 2025<\/strong><\/p><p><strong>XX Niedziela zwyk\u0142a<\/strong><\/p><ol start=\"1\" class=\"wp-block-list\"><li>Dzisiaj celebrujemy 20. niedziel\u0119 zwyk\u0142\u0105.<\/li>\n\n<li>Serdecznie dzi\u0119kujemy za ofiary sk\u0142adane na prace remontowe. W niedziel\u0119 tydzie\u0144 temu z\u0142o\u017cono wraz z ofiarami na konto parafialne 5727 z\u0142, 1 euro i 1 dolar.<\/li>\n\n<li>Dzi\u015b wspominamy \u015bw. Jacka Odrow\u0105\u017ca \u2013 kap\u0142ana i dominikanina. Jest to tak\u017ce dzie\u0144 imienin ks. bp. Jacka Jezierskiego, kt\u00f3rego otaczamy nasz\u0105 serdeczn\u0105 modlitw\u0105 i \u017cyczliwo\u015bci\u0105.<\/li>\n\n<li>We \u015brod\u0119 wspominamy \u015bw. Bernarda, opata i doktora Ko\u015bcio\u0142a, w czwartek \u015bw. Piusa X, papie\u017ca, w pi\u0105tek wspomnienie Naj\u015bwi\u0119tszej Maryi Panny Kr\u00f3lowej,.<\/li>\n\n<li>Zapraszamy na nabo\u017ce\u0144stwa w ci\u0105gu tygodnia: we \u015brod\u0119 Msza \u015bw. i Nowenna do Matki Bo\u017cej Nieustaj\u0105cej Pomocy, w pi\u0105tek Msza \u015bw. w intencjach Czcicieli Mi\u0142osierdzia Bo\u017cego i Koronka do Bo\u017cego Mi\u0142osierdzia.<\/li><\/ol><ol start=\"6\" class=\"wp-block-list\"><li>Kancelaria parafialna w okresie wakacyjnym czynna jest w czwartki i po mszach \u015bwi\u0119tych niedzielnych.<\/li>\n\n<li>Wszystkich parafian i go\u015bci zapraszamy do udzia\u0142u w festynie parafialnym, kt\u00f3ry odb\u0119dzie si\u0119 w niedziel\u0119 31 sierpnia po Mszy \u015bw. o godz. 12.00 na terenie zieleni miejskiej za ko\u015bcio\u0142em.<\/li>\n\n<li>Za tydzie\u0144 w niedziel\u0119 po Mszach \u015bw. b\u0119dzie zbierana puszka na utrzymanie i funkcjonowanie Wy\u017cszego Seminarium Duchownego Diecezji Elbl\u0105skiej. Z naszej wsp\u00f3lnoty parafialnej w Seminarium na 4 roku studiuje al. Krzysztof.<\/li>\n\n<li>Po mszach \u015bwi\u0119tych b\u0119dzie zbierana puszka na rzecz parafialnego zespo\u0142u Caritas.<\/li>\n\n<li>Przy wyj\u015bciu z ko\u015bcio\u0142a mo\u017cna naby\u0107 nowe numery prasy katolickiej (<em>Go\u015b\u0107 Niedzielny<\/em>, <em>Niedziela<\/em>).<\/li>\n\n<li>Centrum Nowej Ewangelizacji zaprasza na wyj\u0105tkowe wydarzenie Jubileuszowe! 30\u201331 sierpnia w Elbl\u0105gu na placu katedralnym zapraszamy na Jasn\u0105 Stron\u0119 Miasta, aby wsp\u00f3lnie odkrywa\u0107, \u017ce Ko\u015bci\u00f3\u0142 jest \u017cywy. W programie Eucharystia, spowied\u017a, koncerty, konferencje i wiele przestrzeni do spotkania z Bogiem i drugim cz\u0142owiekiem. Przyjd\u017acie \u2013 prze\u017cyjmy razem Jubileusz 2025!<\/li>\n\n<li>Przypominamy, \u017ce trwa rekrutacja do seminarium duchownego w Elbl\u0105gu, a tak\u017ce na studia z teologii, nauk o rodzinie i muzyki sakralnej na Wydziale Teologii w Olsztynie. Studenci \u015bwieccy mog\u0105 teologi\u0119 studiowa\u0107 jako drugi dodatkowy kierunek.<\/li>\n\n<li>\u017byczymy dobrego czasu wakacji, odpoczynku i nabierania si\u0142 na trud codziennej pracy.<\/li><\/ol><p><strong>W minionym tygodniu odszed\u0142 do wieczno\u015bci:<\/strong><\/p><p>\u015bp. Roman ROZWADOWSKI w wieku 76 lat.<\/p><p><em>Wieczny odpoczynek racz mu da\u0107, Panie.<\/em><em><\/em><\/p>","protected":false},"excerpt":{"rendered":"<p>Dzisiaj celebrujemy 20. niedziel\u0119 zwyk\u0142\u0105<\/p>\n","protected":false},"author":1,"featured_media":518,"comment_status":"closed","ping_status":"closed","sticky":false,"template":"","format":"standard","meta":{"footnotes":""},"categories":[17],"tags":[],"class_list":["post-520","post","type-post","status-publish","format-standard","has-post-thumbnail","hentry","category-ogloszenia-i-intencje"],"_links":{"self":[{"href":"http:\/\/www.nowa.swrodzina.org\/index.php\/wp-json\/wp\/v2\/posts\/520","targetHints":{"allow":["GET"]}}],"collection":[{"href":"http:\/\/www.nowa.swrodzina.org\/index.php\/wp-json\/wp\/v2\/posts"}],"about":[{"href":"http:\/\/www.nowa.swrodzina.org\/index.php\/wp-json\/wp\/v2\/types\/post"}],"author":[{"embeddable":true,"href":"http:\/\/www.nowa.swrodzina.org\/index.php\/wp-json\/wp\/v2\/users\/1"}],"replies":[{"embeddable":true,"href":"http:\/\/www.nowa.swrodzina.org\/index.php\/wp-json\/wp\/v2\/comments?post=520"}],"version-history":[{"count":1,"href":"http:\/\/www.nowa.swrodzina.org\/index.php\/wp-json\/wp\/v2\/posts\/520\/revisions"}],"predecessor-version":[{"id":521,"href":"http:\/\/www.nowa.swrodzina.org\/index.php\/wp-json\/wp\/v2\/posts\/520\/revisions\/521"}],"wp:featuredmedia":[{"embeddable":true,"href":"http:\/\/www.nowa.swrodzina.org\/index.php\/wp-json\/wp\/v2\/media\/518"}],"wp:attachment":[{"href":"http:\/\/www.nowa.swrodzina.org\/index.php\/wp-json\/wp\/v2\/media?parent=520"}],"wp:term":[{"taxonomy":"category","embeddable":true,"href":"http:\/\/www.nowa.swrodzina.org\/index.php\/wp-json\/wp\/v2\/categories?post=520"},{"taxonomy":"post_tag","embeddable":true,"href":"http:\/\/www.nowa.swrodzina.org\/index.php\/wp-json\/wp\/v2\/tags?post=520"}],"curies":[{"name":"wp","href":"https:\/\/api.w.org\/{rel}","templated":true}]}}