{"id":517,"date":"2025-08-17T08:05:16","date_gmt":"2025-08-17T06:05:16","guid":{"rendered":"https:\/\/www.nowa.swrodzina.org\/?p=517"},"modified":"2025-08-17T08:05:17","modified_gmt":"2025-08-17T06:05:17","slug":"intencje-mszalne-20-niedziela-zwykla","status":"publish","type":"post","link":"http:\/\/www.nowa.swrodzina.org\/index.php\/2025\/08\/17\/intencje-mszalne-20-niedziela-zwykla\/","title":{"rendered":"Intencje Mszalne\u00a020 Niedziela Zwyk\u0142a"},"content":{"rendered":"<figure class=\"wp-block-table\"><table><tbody><tr><td class=\"has-text-align-center\" data-align=\"center\" colspan=\"7\"><strong>Poniedzia\u0142ek,<\/strong> 18 sierpnia 2025<\/td><\/tr><tr><td class=\"has-text-align-center\" data-align=\"center\" rowspan=\"2\"><strong>Mt 19, 16-22<\/strong> <br>Rada ub\u00f3stwa \u00a0<\/td><td>12.00<\/td><td colspan=\"2\">1.<\/td><td colspan=\"3\">50 rocznica \u015bmierci Boles\u0142aw(m) PAW\u0141OWSKI, 5 rocznica \u015bmierci Janina(k) PAW\u0141OWSKA<\/td><\/tr><tr><td class=\"has-text-align-center\" data-align=\"center\">18.00<\/td><td colspan=\"2\">1.<\/td><td colspan=\"3\">\u015bp. zmarli z rodzin: ONISK, RUCI\u0143SKICH, CHLEBI\u0143SKICH, STANISZEWSKICH, WI\u015aNIEWSKICH i CHOSZCZEWSKICH<\/td><\/tr><tr><td class=\"has-text-align-center\" data-align=\"center\" colspan=\"7\"><strong>Wtorek<\/strong>, 19 sierpnia 2025<\/td><\/tr><tr><td class=\"has-text-align-center\" data-align=\"center\" rowspan=\"2\"><strong>Mt 19, 23-30<\/strong> <br>Nagroda za wyrzeczenie podj\u0119te dla Chrystusa<\/td><td>12.00<\/td><td colspan=\"3\">1.<\/td><td colspan=\"2\">\u015bp. ciocia Henryka(k) STEFANOWICZ<\/td><\/tr><tr><td class=\"has-text-align-center\" data-align=\"center\">18.00<\/td><td colspan=\"3\">1.<\/td><td colspan=\"2\">\u015bp. zmarli z rodzin: SZULC\u00d3W, ANDRZEJEWSKICH, WILCZY\u0143SKICH i za babci\u0119<\/td><\/tr><tr><td class=\"has-text-align-center\" data-align=\"center\" colspan=\"7\"><strong>\u015aroda<\/strong>, 20 sierpnia 2025<\/td><\/tr><tr><td class=\"has-text-align-center\" data-align=\"center\" rowspan=\"2\"><strong>Mt 20, 1-16<\/strong> <br>Przypowie\u015b\u0107 o robotnikach w winnicy <br><strong><u>Wspomnienie \u015bw. Bernarda, opata i doktora Ko\u015bcio\u0142a<\/u><\/strong><\/td><td>12.00<\/td><td colspan=\"3\">1.<\/td><td colspan=\"2\">&nbsp;\u015bp. Aleksander SZULC w 1 r. \u015bmierci. (int. od s\u0105siad\u00f3w)<\/td><\/tr><tr><td class=\"has-text-align-center\" data-align=\"center\">18.00<\/td><td colspan=\"3\">1<\/td><td colspan=\"2\">\u015bp. Jakub w 7 r. \u015bmierci<\/td><\/tr><tr><td class=\"has-text-align-center\" data-align=\"center\" colspan=\"7\"><strong>Czwartek<\/strong>, 21 sierpnia 2025<\/td><\/tr><tr><td class=\"has-text-align-center\" data-align=\"center\" rowspan=\"2\"><strong>Mt 22, 1-14<\/strong> <br>Przypowie\u015b\u0107 o zaproszonych na uczt\u0119 <br><strong><u>Wspomnienie \u015bw. Piusa X, papie\u017ca<\/u><\/strong><\/td><td>12.00<\/td><td colspan=\"3\">1.<\/td><td colspan=\"2\">\u015bp. Teresa STRUGALSKA (int. od przyjaci\u00f3\u0142ek)<\/td><\/tr><tr><td class=\"has-text-align-center\" data-align=\"center\">18.00<\/td><td colspan=\"3\">1.<\/td><td colspan=\"2\">O zdrowie, Bo\u017ce b\u0142ogos\u0142awie\u0144stwo i opiek\u0119 \u015bw. Rodziny dla Ludwika w 80 urodziny i dla jego najblizszych<\/td><\/tr><tr><td class=\"has-text-align-center\" data-align=\"center\" colspan=\"7\"><strong>Pi\u0105tek<\/strong>, 22 sierpnia 2025<\/td><\/tr><tr><td class=\"has-text-align-center\" data-align=\"center\" rowspan=\"3\"><strong>Mt 22, 34-40<\/strong> <br>Najwi\u0119ksze przykazanie <br><strong><u>Wspomnienie Naj\u015bwi\u0119tszej Maryi Panny Kr\u00f3lowej<\/u><\/strong><\/td><td colspan=\"2\">12.00<\/td><td colspan=\"2\">1.<\/td><td colspan=\"2\">Za czcicieli Mi\u0142osierdzia Bo\u017cego<\/td><\/tr><tr><td class=\"has-text-align-center\" data-align=\"center\" colspan=\"2\" rowspan=\"2\">18.00<\/td><td colspan=\"2\">1.<\/td><td colspan=\"2\">Za czcicieli Mi\u0142osierdzia Bo\u017cego<\/td><\/tr><tr><td class=\"has-text-align-center\" data-align=\"center\" colspan=\"2\">2.<\/td><td colspan=\"2\">\u015bp. Tadeusz TURALSKI w 30 dz.p.p.<\/td><\/tr><tr><td class=\"has-text-align-center\" data-align=\"center\" colspan=\"7\"><strong>Sobota<\/strong>, 23 sierpnia 2025<\/td><\/tr><tr><td class=\"has-text-align-center\" data-align=\"center\" rowspan=\"2\"><strong><u>Mt 23, 1-12<\/u><\/strong> <br>Strze\u017ccie si\u0119 pychy i ob\u0142udy<\/td><td>12.00<\/td><td colspan=\"4\">1.<\/td><td>O jedno\u015b\u0107 w rodzinie z pro\u015bb\u0105 o Bo\u017ce b\u0142ogos\u0142awie\u0144stwo i opiek\u0119 Matki Bo\u017cej w nowym roku szkolnym dla Franka, Helki, Gabrysi i Maksa w 5 rocz. urodzin<\/td><\/tr><tr><td class=\"has-text-align-center\" data-align=\"center\">18.00<\/td><td colspan=\"4\">1.<\/td><td>\u015bp. Urszula PACZKOWSKA (14. rocz. \u015bmierci)<\/td><\/tr><tr><td class=\"has-text-align-center\" data-align=\"center\" colspan=\"7\"><strong>Niedziela, 24 sierpnia 2025<\/strong><\/td><\/tr><tr><td class=\"has-text-align-center\" data-align=\"center\" rowspan=\"5\"><strong>\u0141k 13, 22-30<\/strong> <br>Kr\u00f3lestwo Bo\u017ce dost\u0119pne dla wszystkich narod\u00f3w <br><strong>21 niedziela zwyk\u0142a<\/strong><\/td><td>07.30<\/td><td colspan=\"5\">\u015bp. Bo\u017cena Roma\u0144ska<\/td><\/tr><tr><td class=\"has-text-align-center\" data-align=\"center\">09.00<\/td><td colspan=\"5\">Za parafian<\/td><\/tr><tr><td class=\"has-text-align-center\" data-align=\"center\">10.30<\/td><td colspan=\"5\">\u015bp. Waldemar GAJEWSKI (3. rocz.. \u015bmierci) i zmarli z rodziny<\/td><\/tr><tr><td class=\"has-text-align-center\" data-align=\"center\">12.00<\/td><td colspan=\"5\">\u015bp. Feliksa (k) POSACKA w 1 rocz. \u015bmierci<\/td><\/tr><tr><td class=\"has-text-align-center\" data-align=\"center\">20.00<\/td><td colspan=\"5\">\u015bp. Maria SOBO\u0143<\/td><\/tr><\/tbody><\/table><\/figure>","protected":false},"excerpt":{"rendered":"<p>Intencje mszalne 18.08 &#8211; 24.08<\/p>\n","protected":false},"author":1,"featured_media":518,"comment_status":"closed","ping_status":"closed","sticky":false,"template":"","format":"standard","meta":{"footnotes":""},"categories":[17],"tags":[],"class_list":["post-517","post","type-post","status-publish","format-standard","has-post-thumbnail","hentry","category-ogloszenia-i-intencje"],"_links":{"self":[{"href":"http:\/\/www.nowa.swrodzina.org\/index.php\/wp-json\/wp\/v2\/posts\/517","targetHints":{"allow":["GET"]}}],"collection":[{"href":"http:\/\/www.nowa.swrodzina.org\/index.php\/wp-json\/wp\/v2\/posts"}],"about":[{"href":"http:\/\/www.nowa.swrodzina.org\/index.php\/wp-json\/wp\/v2\/types\/post"}],"author":[{"embeddable":true,"href":"http:\/\/www.nowa.swrodzina.org\/index.php\/wp-json\/wp\/v2\/users\/1"}],"replies":[{"embeddable":true,"href":"http:\/\/www.nowa.swrodzina.org\/index.php\/wp-json\/wp\/v2\/comments?post=517"}],"version-history":[{"count":1,"href":"http:\/\/www.nowa.swrodzina.org\/index.php\/wp-json\/wp\/v2\/posts\/517\/revisions"}],"predecessor-version":[{"id":519,"href":"http:\/\/www.nowa.swrodzina.org\/index.php\/wp-json\/wp\/v2\/posts\/517\/revisions\/519"}],"wp:featuredmedia":[{"embeddable":true,"href":"http:\/\/www.nowa.swrodzina.org\/index.php\/wp-json\/wp\/v2\/media\/518"}],"wp:attachment":[{"href":"http:\/\/www.nowa.swrodzina.org\/index.php\/wp-json\/wp\/v2\/media?parent=517"}],"wp:term":[{"taxonomy":"category","embeddable":true,"href":"http:\/\/www.nowa.swrodzina.org\/index.php\/wp-json\/wp\/v2\/categories?post=517"},{"taxonomy":"post_tag","embeddable":true,"href":"http:\/\/www.nowa.swrodzina.org\/index.php\/wp-json\/wp\/v2\/tags?post=517"}],"curies":[{"name":"wp","href":"https:\/\/api.w.org\/{rel}","templated":true}]}}