{"id":508,"date":"2025-08-09T17:59:00","date_gmt":"2025-08-09T15:59:00","guid":{"rendered":"https:\/\/www.nowa.swrodzina.org\/?p=508"},"modified":"2025-08-08T15:43:41","modified_gmt":"2025-08-08T13:43:41","slug":"intencje-mszalne-19-niedziela-zwykla","status":"publish","type":"post","link":"http:\/\/www.nowa.swrodzina.org\/index.php\/2025\/08\/09\/intencje-mszalne-19-niedziela-zwykla\/","title":{"rendered":"Intencje Mszalne\u00a019 Niedziela Zwyk\u0142a"},"content":{"rendered":"<figure class=\"wp-block-table\"><table><tbody><tr><td class=\"has-text-align-center\" data-align=\"center\" colspan=\"4\"><strong>Poniedzia\u0142ek,<\/strong> 11 sierpnia 2025<\/td><\/tr><tr><td class=\"has-text-align-center\" data-align=\"center\" rowspan=\"2\"><strong>Mt 17, 22-27<\/strong> <br>Podatek na \u015bwi\u0105tyni\u0119 <br><strong><u>Wspomnienie \u015bw. Klary, dziewicy<\/u><\/strong><\/td><td>12.00<\/td><td colspan=\"2\">\u015bp. Roman LEWANDOWSKI<\/td><\/tr><tr><td class=\"has-text-align-center\" data-align=\"center\">18.00<\/td><td colspan=\"2\">O Bo\u017ce b\u0142ogos\u0142awie\u0144stwo i opiek\u0119 Matki Bo\u017cej dla Igora w dniu 44. rocznicy Chrztu \u015awi\u0119tego<\/td><\/tr><tr><td class=\"has-text-align-center\" data-align=\"center\" colspan=\"4\"><strong>Wtorek<\/strong>, 12 sierpnia 2025<\/td><\/tr><tr><td class=\"has-text-align-center\" data-align=\"center\" rowspan=\"2\"><strong>Mt 18, 1-5. 10. 12-14<\/strong> <br>Godno\u015b\u0107 dzieci. Przypowie\u015b\u0107 o zab\u0142\u0105kanej owcy<\/td><td>12.00<\/td><td colspan=\"2\">\u015bp. Paulina i J\u00f3zef oraz zmarli z rodziny<\/td><\/tr><tr><td class=\"has-text-align-center\" data-align=\"center\">18.00<\/td><td colspan=\"2\">Dzi\u0119kczynna w dniu 80. urodzin Bronis\u0142awa (m) z pro\u015bb\u0105 o Bo\u017ce b\u0142ogos\u0142awie\u0144stwo i potrzebne \u0142aski<\/td><\/tr><tr><td class=\"has-text-align-center\" data-align=\"center\" colspan=\"4\"><strong>\u015aroda<\/strong>, 13 sierpnia 2025<\/td><\/tr><tr><td class=\"has-text-align-center\" data-align=\"center\" rowspan=\"2\"><strong>Mt 18, 15-20<\/strong> <br>Braterskie upomnienie \u00a0<\/td><td>12.00<\/td><td colspan=\"2\">\u015bp. Wanda, Czes\u0142aw, J\u00f3zef WISNY, Mieczys\u0142awa CHRUSZCZYK, Wac\u0142aw K\u0141OK<\/td><\/tr><tr><td class=\"has-text-align-center\" data-align=\"center\">18.00<\/td><td colspan=\"2\">\u015bp. Jacek i J\u00f3zefa (k)<\/td><\/tr><tr><td class=\"has-text-align-center\" data-align=\"center\" colspan=\"4\"><strong>Czwartek<\/strong>, 14 sierpnia 2025<\/td><\/tr><tr><td class=\"has-text-align-center\" data-align=\"center\" rowspan=\"2\"><strong>Mt 18, 21 \u2013 19, 1<\/strong> <br>Przypowie\u015b\u0107 o niemi\u0142osiernym s\u0142udze<strong><u> <\/u><\/strong><br><strong><u>Wspomnienie \u015bw.<\/u><\/strong> <strong><u>Maksymiliana Marii Kolbego, prezbitera<br>i m\u0119czennika<\/u><\/strong><\/td><td>12.00<\/td><td colspan=\"2\">\u015bp. Maria SOBO\u0143 (int. od s\u0105siad\u00f3w i znajomych)<\/td><\/tr><tr><td class=\"has-text-align-center\" data-align=\"center\">18.00<\/td><td colspan=\"2\">\u015bp. Lech GAJKOWSKI (14. rocz. \u015bmierci) i zmarli rodzice oraz brat Stanis\u0142aw<\/td><\/tr><tr><td class=\"has-text-align-center\" data-align=\"center\" colspan=\"4\"><strong>Pi\u0105tek<\/strong>, 15 sierpnia 2025<\/td><\/tr><tr><td class=\"has-text-align-center\" data-align=\"center\" rowspan=\"5\"><strong>\u0141k 11, 27-28<\/strong> <br>B\u0142ogos\u0142awione \u0142ono, kt\u00f3re nosi\u0142o Chrystusa <br><strong><u>Uroczysto\u015b\u0107 Wniebowzi\u0119cia Naj\u015bwi\u0119tszej Maryi Panny<\/u><\/strong><\/td><td colspan=\"2\">7.30<\/td><td>\u015bp. Leon REKOWSKI (49. rocz. \u015bmierci) i Ludmi\u0142a oraz El\u017cbieta<\/td><\/tr><tr><td class=\"has-text-align-center\" data-align=\"center\" colspan=\"2\">9.00<\/td><td>\u015bp. z rodziny Z\u0141OCH, ROGOZINSKICH, MARKIEWICZ WO\u0141OWSKICH<\/td><\/tr><tr><td class=\"has-text-align-center\" data-align=\"center\" colspan=\"2\">10.30<\/td><td>\u015bp. Daniela (3. rocz. \u015bmierci), Eugeniusz ZALEWSCY<\/td><\/tr><tr><td class=\"has-text-align-center\" data-align=\"center\" colspan=\"2\">12.00<\/td><td>O Bo\u017ce b\u0142ogos\u0142awie\u0144stwo i potrzebne \u0142aski dla Zofi i Kazimierza PY\u015aK w 50. rocznic\u0119 \u015blubu i dla ich najbli\u017cszych oraz przyjaci\u00f3\u0142<\/td><\/tr><tr><td class=\"has-text-align-center\" data-align=\"center\" colspan=\"2\">18.00<\/td><td>\u015bp. Iwona KOMOSI\u0143SKA<\/td><\/tr><tr><td class=\"has-text-align-center\" data-align=\"center\" colspan=\"4\"><strong>Sobota<\/strong>, 16 sierpnia 2025<\/td><\/tr><tr><td class=\"has-text-align-center\" data-align=\"center\" rowspan=\"2\"><strong>Mt 19, 13-15<\/strong> <br>Jezus b\u0142ogos\u0142awi dzieci<\/td><td>12.00<\/td><td colspan=\"2\">Za rodziny, ma\u0142\u017ce\u0144stwa i osoby samotne<\/td><\/tr><tr><td class=\"has-text-align-center\" data-align=\"center\">18.00<\/td><td colspan=\"2\">O Bo\u017ce b\u0142ogos\u0142awie\u0144stwo, opiek\u0119 \u015bw. Rodziny dla Alana SUCHOMSKIEGO z okazji 25. urodzin<\/td><\/tr><tr><td class=\"has-text-align-center\" data-align=\"center\" colspan=\"4\"><strong>Niedziela, 17 sierpnia 2025<\/strong><\/td><\/tr><tr><td class=\"has-text-align-center\" data-align=\"center\" rowspan=\"5\"><strong>\u0141k 12, 49-53<\/strong> <br>Ewangelia powodem roz\u0142amu<br> <strong>20 niedziela zwyk\u0142a<\/strong><\/td><td>07.30<\/td><td colspan=\"2\">\u015bp. J\u00f3zef SZAPA\u0143SKI (7. rocz. \u015bmierci), zmarli z rodziny z obojga stron<\/td><\/tr><tr><td class=\"has-text-align-center\" data-align=\"center\">09.00<\/td><td colspan=\"2\">\u015bp. Henryk AUTUCH (3. rocz. \u015bmierci)<\/td><\/tr><tr><td class=\"has-text-align-center\" data-align=\"center\">10.30<\/td><td colspan=\"2\">\u015bp. Teresa WOJNIAK (2. rocz. \u015bmierci), ma\u017c Wies\u0142aw (31 rocz. \u015bmierci) i zmarli z rodziny CZY\u017bYK i SKOCZYK<\/td><\/tr><tr><td class=\"has-text-align-center\" data-align=\"center\">12.00<\/td><td colspan=\"2\">O Bo\u017ce b\u0142ogos\u0142awie\u0144stwo, dary Ducha \u015awi\u0119tego, zdrowie dla Haliny SA\u0141ATY z okazji urodzin<\/td><\/tr><tr><td class=\"has-text-align-center\" data-align=\"center\">20.00<\/td><td colspan=\"2\">Za parafian<\/td><\/tr><\/tbody><\/table><\/figure>","protected":false},"excerpt":{"rendered":"<p>Intencje mszalne 11.08 &#8211; 17.08<\/p>\n","protected":false},"author":1,"featured_media":509,"comment_status":"closed","ping_status":"closed","sticky":false,"template":"","format":"standard","meta":{"footnotes":""},"categories":[17],"tags":[],"class_list":["post-508","post","type-post","status-publish","format-standard","has-post-thumbnail","hentry","category-ogloszenia-i-intencje"],"_links":{"self":[{"href":"http:\/\/www.nowa.swrodzina.org\/index.php\/wp-json\/wp\/v2\/posts\/508","targetHints":{"allow":["GET"]}}],"collection":[{"href":"http:\/\/www.nowa.swrodzina.org\/index.php\/wp-json\/wp\/v2\/posts"}],"about":[{"href":"http:\/\/www.nowa.swrodzina.org\/index.php\/wp-json\/wp\/v2\/types\/post"}],"author":[{"embeddable":true,"href":"http:\/\/www.nowa.swrodzina.org\/index.php\/wp-json\/wp\/v2\/users\/1"}],"replies":[{"embeddable":true,"href":"http:\/\/www.nowa.swrodzina.org\/index.php\/wp-json\/wp\/v2\/comments?post=508"}],"version-history":[{"count":1,"href":"http:\/\/www.nowa.swrodzina.org\/index.php\/wp-json\/wp\/v2\/posts\/508\/revisions"}],"predecessor-version":[{"id":510,"href":"http:\/\/www.nowa.swrodzina.org\/index.php\/wp-json\/wp\/v2\/posts\/508\/revisions\/510"}],"wp:featuredmedia":[{"embeddable":true,"href":"http:\/\/www.nowa.swrodzina.org\/index.php\/wp-json\/wp\/v2\/media\/509"}],"wp:attachment":[{"href":"http:\/\/www.nowa.swrodzina.org\/index.php\/wp-json\/wp\/v2\/media?parent=508"}],"wp:term":[{"taxonomy":"category","embeddable":true,"href":"http:\/\/www.nowa.swrodzina.org\/index.php\/wp-json\/wp\/v2\/categories?post=508"},{"taxonomy":"post_tag","embeddable":true,"href":"http:\/\/www.nowa.swrodzina.org\/index.php\/wp-json\/wp\/v2\/tags?post=508"}],"curies":[{"name":"wp","href":"https:\/\/api.w.org\/{rel}","templated":true}]}}