{"id":268,"date":"2024-11-10T09:25:35","date_gmt":"2024-11-10T07:25:35","guid":{"rendered":"https:\/\/www.nowa.swrodzina.org\/?p=268"},"modified":"2024-11-10T09:25:37","modified_gmt":"2024-11-10T07:25:37","slug":"ogloszenia-parafialne-xxxii-niedziela-zwykla","status":"publish","type":"post","link":"http:\/\/www.nowa.swrodzina.org\/index.php\/2024\/11\/10\/ogloszenia-parafialne-xxxii-niedziela-zwykla\/","title":{"rendered":"Og\u0142oszenia Parafialne XXXII Niedziela Zwyk\u0142a"},"content":{"rendered":"<p>1.&nbsp;Dzisiaj celebrujemy 32. niedziel\u0119 zwyk\u0142\u0105. Dzisiejsza taca przeznaczona jest na prace remontowe naszego ko\u015bcio\u0142a.<\/p><p>2.&nbsp;Miesi\u0105c listopad, to szczeg\u00f3lny czas naszej modlitwy za bliskich nam zmar\u0142ych. Zapraszamy do wsp\u00f3lnej modlitwy za naszych zmar\u0142ych w ka\u017cdy dzie\u0144 miesi\u0105ca listopada o godz. 17.30 Wypominki, a o godz. 18.00 Msza \u015bw. w intencji zmar\u0142ych. Prosimy o zabranie kartek wypominkowych wy\u0142o\u017conych na \u0142awkach, na kt\u00f3rych wypiszmy imiona naszych zmar\u0142ych polecanych modlitwie Ko\u015bcio\u0142a. Prosimy r\u00f3wnie\u017c o wpisywanie dat, dni w kt\u00f3rych chcieliby\u015bmy aby imiona naszych zmar\u0142ych zosta\u0142y wyczytane.<\/p><p>3.&nbsp;Zapraszamy na msz\u0119 w intencji naszej Ojczyzny, jutro, w poniedzia\u0142ek, o godzinie 18.00<\/p><p>4.&nbsp;Mile widziany by\u0142by udzia\u0142 ma\u0142\u017ce\u0144stw i rodzin w Nowennie do \u015bw. Rodziny w sobot\u0119 o godz. 12.00.<\/p><p>5.&nbsp;Zapraszamy do udzia\u0142u w og\u00f3lnopolskiej zbi\u00f3rce zu\u017cytego sprz\u0119tu elektrycznego i elektronicznego celem wsparcia polskich misjonarzy. Elektro-\u015bmieci mo\u017cna oddawa\u0107 w godzinach otwarcia kancelarii parafialnej i po Mszach \u015bw. w dzie\u0144 powszedni do poniedzia\u0142ku 25 listopada.<\/p><p>6.&nbsp;Spotkanie Rady duszpasterskiej w niedziel\u0119, 24 listopada o godz. 16.00 w domu parafialnym.<\/p><p>7.&nbsp;Za tydzie\u0144, w niedziel\u0119 17 listopada po Mszy \u015bw. o godz. 12.00, spotkanie rodzic\u00f3w dzieci, kt\u00f3re przygotowuj\u0105 si\u0119 do przyj\u0119cia I Komunii \u015bw. i Sakramentu Pokuty i Pojednania. Na Mszy \u015bw. o godz. 12.00 po\u015bwi\u0119cenie medalik\u00f3w, krzy\u017cyk\u00f3w.<\/p><p>8.&nbsp;Za tydzie\u0144 po ka\u017cdej Mszy \u015bw. b\u0119dzie zbierana puszka na Caritas parafialne, kt\u00f3re wspiera naszych najubo\u017cszych parafian.<\/p><p>9.&nbsp;Przy wyj\u015bciu z ko\u015bcio\u0142a mo\u017cna naby\u0107 nowe numery prasy katolickiej (Go\u015b\u0107 Niedzielny, Niedziela).<\/p><p>10. W minionym tygodniu odszed\u0142 do wieczno\u015bci: \u015b.p. <strong>Jan Osta\u0142owski<\/strong>, w wieku 79 lat. Wieczny odpoczynek racz Mu da\u0107, Panie.<\/p>","protected":false},"excerpt":{"rendered":"<p>Dzisiaj celebrujemy 32. niedziel\u0119 zwyk\u0142\u0105.<\/p>\n","protected":false},"author":1,"featured_media":266,"comment_status":"closed","ping_status":"closed","sticky":false,"template":"","format":"standard","meta":{"footnotes":""},"categories":[17],"tags":[],"class_list":["post-268","post","type-post","status-publish","format-standard","has-post-thumbnail","hentry","category-ogloszenia-i-intencje"],"_links":{"self":[{"href":"http:\/\/www.nowa.swrodzina.org\/index.php\/wp-json\/wp\/v2\/posts\/268","targetHints":{"allow":["GET"]}}],"collection":[{"href":"http:\/\/www.nowa.swrodzina.org\/index.php\/wp-json\/wp\/v2\/posts"}],"about":[{"href":"http:\/\/www.nowa.swrodzina.org\/index.php\/wp-json\/wp\/v2\/types\/post"}],"author":[{"embeddable":true,"href":"http:\/\/www.nowa.swrodzina.org\/index.php\/wp-json\/wp\/v2\/users\/1"}],"replies":[{"embeddable":true,"href":"http:\/\/www.nowa.swrodzina.org\/index.php\/wp-json\/wp\/v2\/comments?post=268"}],"version-history":[{"count":1,"href":"http:\/\/www.nowa.swrodzina.org\/index.php\/wp-json\/wp\/v2\/posts\/268\/revisions"}],"predecessor-version":[{"id":269,"href":"http:\/\/www.nowa.swrodzina.org\/index.php\/wp-json\/wp\/v2\/posts\/268\/revisions\/269"}],"wp:featuredmedia":[{"embeddable":true,"href":"http:\/\/www.nowa.swrodzina.org\/index.php\/wp-json\/wp\/v2\/media\/266"}],"wp:attachment":[{"href":"http:\/\/www.nowa.swrodzina.org\/index.php\/wp-json\/wp\/v2\/media?parent=268"}],"wp:term":[{"taxonomy":"category","embeddable":true,"href":"http:\/\/www.nowa.swrodzina.org\/index.php\/wp-json\/wp\/v2\/categories?post=268"},{"taxonomy":"post_tag","embeddable":true,"href":"http:\/\/www.nowa.swrodzina.org\/index.php\/wp-json\/wp\/v2\/tags?post=268"}],"curies":[{"name":"wp","href":"https:\/\/api.w.org\/{rel}","templated":true}]}}