{"id":265,"date":"2024-11-10T09:22:11","date_gmt":"2024-11-10T07:22:11","guid":{"rendered":"https:\/\/www.nowa.swrodzina.org\/?p=265"},"modified":"2024-11-10T09:22:13","modified_gmt":"2024-11-10T07:22:13","slug":"intencje-mszalne-xxxii-niedziela-zwykla","status":"publish","type":"post","link":"http:\/\/www.nowa.swrodzina.org\/index.php\/2024\/11\/10\/intencje-mszalne-xxxii-niedziela-zwykla\/","title":{"rendered":"Intencje Mszalne XXXII Niedziela Zwyk\u0142a"},"content":{"rendered":"<figure class=\"wp-block-table\"><table><tbody><tr><td class=\"has-text-align-center\" data-align=\"center\" rowspan=\"4\"><strong>11 listopada,<br><\/strong>poniedzia\u0142ek <br><strong>\u0141k 17, 1-6<\/strong> <br>Obowi\u0105zek przebaczania <br><strong>Wspomnienie \u015bw. Marcina z Tours, biskupa<\/strong><\/td><td>12.00<\/td><td>\u015bp. Ryszard SUCHODOLSKI<\/td><\/tr><tr><td class=\"has-text-align-center\" data-align=\"center\">18.00<\/td><td>Msza zbiorowa za zmar\u0142ych<\/td><\/tr><tr><td class=\"has-text-align-center\" data-align=\"center\">18.00<\/td><td>W intencji Ojczyzny<\/td><\/tr><tr><td class=\"has-text-align-center\" data-align=\"center\">18.00<\/td><td>\u015bp. zm. z rodzin: \u015aMIGOWSKICH I CIENKUSZ\u00d3W<\/td><\/tr><tr><td class=\"has-text-align-center\" data-align=\"center\" rowspan=\"3\"><strong>12 listopada, <\/strong>wtorek <br><strong>\u0141k 17, 7-10<\/strong> <br>S\u0142udzy nieu\u017cyteczni jeste\u015bmy <br><strong>Wspomnienie \u015bw. Jozafata, biskupa i m\u0119czennika<\/strong><\/td><td>12.00<\/td><td>O zdrowie, opiek\u0119 \u015bw. Rodziny, dary Ducha \u015aw. dla Jaros\u0142awa i Katarzyny w 50r. urodzin i o opiek\u0119 M.B. dla wnuczki Oliwi<\/td><\/tr><tr><td class=\"has-text-align-center\" data-align=\"center\">18.00<\/td><td>Msza zbiorowa za zmar\u0142ych<\/td><\/tr><tr><td class=\"has-text-align-center\" data-align=\"center\">18.00<\/td><td>\u015bp. Jerzy SZARO&nbsp; z ok. 2 r. \u015bm.<\/td><\/tr><tr><td class=\"has-text-align-center\" data-align=\"center\" rowspan=\"2\"><strong>13 listopada, \u015b<\/strong>roda <strong>\u0141k 17, 11-19<\/strong> Niewdzi\u0119czno\u015b\u0107 uzdrowionych z tr\u0105du <br><strong>Wspomnienie \u015bwi\u0119tych Benedykta, Jana, Mateusza, Izaaka i Krystyna, pierwszych m\u0119czennik\u00f3w Polski<\/strong><\/td><td>12.00<\/td><td>Dzi\u0119kczynna za 91 lat \u017cycia dla Czes\u0142awy z pro\u015bb\u0105 o Bo\u017ce b\u0142ogos\u0142awie\u0144stwo i opiek\u0119 M.B.N.P.<\/td><\/tr><tr><td class=\"has-text-align-center\" data-align=\"center\">18.00<\/td><td>Msza zbiorowa za zmar\u0142ych<\/td><\/tr><tr><td class=\"has-text-align-center\" data-align=\"center\" rowspan=\"3\"><strong>14 listopada, <\/strong>czwartek <br><strong>\u0141k 17, 20-25<\/strong> <br>Kr\u00f3lestwo Bo\u017ce jest po\u015br\u00f3d was<\/td><td>12.00<\/td><td>\u015bp. Tadeusz PIASECKI i rodzice z obojga stron<\/td><\/tr><tr><td class=\"has-text-align-center\" data-align=\"center\">18.00<\/td><td>\u015bp. Marek LESZCZEWICZ w 30 dz.p.p.<\/td><\/tr><tr><td class=\"has-text-align-center\" data-align=\"center\">18.00<\/td><td>Msza zbiorowa za zmar\u0142ych<\/td><\/tr><tr><td class=\"has-text-align-center\" data-align=\"center\" rowspan=\"3\"><strong>15 listopada, <\/strong>pi\u0105tek <br><strong>\u0141k 17, 26-37<\/strong><br> Dzie\u0144 Syna Cz\u0142owieczego nadejdzie niespodziewanie<\/td><td>12.00<\/td><td>Za czcicieli Bo\u017cego Mi\u0142osierdzia<\/td><\/tr><tr><td class=\"has-text-align-center\" data-align=\"center\">18.00<\/td><td>Za czcicieli Bo\u017cego Mi\u0142osierdzia<\/td><\/tr><tr><td class=\"has-text-align-center\" data-align=\"center\">18.00<\/td><td>Msza zbiorowa zmar\u0142ych<\/td><\/tr><tr><td class=\"has-text-align-center\" data-align=\"center\" rowspan=\"3\"><strong>16 listopada, <\/strong>sobota <br><strong>\u0141k 18, 1-8<\/strong> <br>Wytrwa\u0142o\u015b\u0107 w modlitwie<\/td><td>12.00<\/td><td>W intencji rodzin,&nbsp; ma\u0142\u017ce\u0144stw i os\u00f3b samotnych<\/td><\/tr><tr><td class=\"has-text-align-center\" data-align=\"center\">18.00<\/td><td>\u015bp. Ewa ST\u0118PIE\u0143 w 30 dz.p.p.<\/td><\/tr><tr><td class=\"has-text-align-center\" data-align=\"center\">18.00<\/td><td>Msza zbiorowa za zmar\u0142ych<\/td><\/tr><tr><td class=\"has-text-align-center\" data-align=\"center\" rowspan=\"6\"><strong>17 listopada<\/strong>, niedziela <br><strong>Mk 13, 24-32<\/strong> <br>S\u0105d ostateczny <br><strong>33 niedziela zwyk\u0142a<\/strong><\/td><td>7.30<\/td><td>\u015bp. Janusz JARMO\u0141A w 3 r. \u015bmierci<\/td><\/tr><tr><td class=\"has-text-align-center\" data-align=\"center\">9.00<\/td><td>\u015bp. Henryk MR\u00d3Z w 1 r. \u015bmierci<\/td><\/tr><tr><td class=\"has-text-align-center\" data-align=\"center\">10.30<\/td><td>\u015bp. Zofia i Jan WO\u0141OWSCY i zm. z rodz. WO\u0141OWSKICH, \u015bp. J\u00f3zefa-Jadwiga WO\u0141OWSKA &nbsp;<\/td><\/tr><tr><td class=\"has-text-align-center\" data-align=\"center\">12.00<\/td><td>\u015bp. Kazimierz i zm. z Rodziny<\/td><\/tr><tr><td class=\"has-text-align-center\" data-align=\"center\">18.00<\/td><td>Msza zbiorowa za zmar\u0142ych<\/td><\/tr><tr><td class=\"has-text-align-center\" data-align=\"center\">20.00<\/td><td>&nbsp;O Bo\u017ce b\u0142. i potrzebne \u0142aski dla Czes\u0142awy(K) w 91 rocznic\u0119 urodzin<\/td><\/tr><\/tbody><\/table><\/figure>","protected":false},"excerpt":{"rendered":"<p>Intencje mszalne 11.11-17.11<\/p>\n","protected":false},"author":1,"featured_media":266,"comment_status":"closed","ping_status":"closed","sticky":false,"template":"","format":"standard","meta":{"footnotes":""},"categories":[17],"tags":[],"class_list":["post-265","post","type-post","status-publish","format-standard","has-post-thumbnail","hentry","category-ogloszenia-i-intencje"],"_links":{"self":[{"href":"http:\/\/www.nowa.swrodzina.org\/index.php\/wp-json\/wp\/v2\/posts\/265","targetHints":{"allow":["GET"]}}],"collection":[{"href":"http:\/\/www.nowa.swrodzina.org\/index.php\/wp-json\/wp\/v2\/posts"}],"about":[{"href":"http:\/\/www.nowa.swrodzina.org\/index.php\/wp-json\/wp\/v2\/types\/post"}],"author":[{"embeddable":true,"href":"http:\/\/www.nowa.swrodzina.org\/index.php\/wp-json\/wp\/v2\/users\/1"}],"replies":[{"embeddable":true,"href":"http:\/\/www.nowa.swrodzina.org\/index.php\/wp-json\/wp\/v2\/comments?post=265"}],"version-history":[{"count":1,"href":"http:\/\/www.nowa.swrodzina.org\/index.php\/wp-json\/wp\/v2\/posts\/265\/revisions"}],"predecessor-version":[{"id":267,"href":"http:\/\/www.nowa.swrodzina.org\/index.php\/wp-json\/wp\/v2\/posts\/265\/revisions\/267"}],"wp:featuredmedia":[{"embeddable":true,"href":"http:\/\/www.nowa.swrodzina.org\/index.php\/wp-json\/wp\/v2\/media\/266"}],"wp:attachment":[{"href":"http:\/\/www.nowa.swrodzina.org\/index.php\/wp-json\/wp\/v2\/media?parent=265"}],"wp:term":[{"taxonomy":"category","embeddable":true,"href":"http:\/\/www.nowa.swrodzina.org\/index.php\/wp-json\/wp\/v2\/categories?post=265"},{"taxonomy":"post_tag","embeddable":true,"href":"http:\/\/www.nowa.swrodzina.org\/index.php\/wp-json\/wp\/v2\/tags?post=265"}],"curies":[{"name":"wp","href":"https:\/\/api.w.org\/{rel}","templated":true}]}}