{"id":259,"date":"2024-11-03T09:05:13","date_gmt":"2024-11-03T07:05:13","guid":{"rendered":"https:\/\/www.nowa.swrodzina.org\/?p=259"},"modified":"2024-11-03T09:05:15","modified_gmt":"2024-11-03T07:05:15","slug":"ogloszenia-parafialne-xxxi-niedziela-zwykla","status":"publish","type":"post","link":"http:\/\/www.nowa.swrodzina.org\/index.php\/2024\/11\/03\/ogloszenia-parafialne-xxxi-niedziela-zwykla\/","title":{"rendered":"Og\u0142oszenia Parafialne XXXI Niedziela Zwyk\u0142a"},"content":{"rendered":"<ol class=\"wp-block-list\"><li>Dzisiaj celebrujemy 31. niedziel\u0119 zwyk\u0142\u0105 i niedziel\u0119 miesi\u0119cznej Adoracji Naj\u015bwi\u0119tszego Sakramentu.<\/li>\n\n<li>Intencja modlitewna wsp\u00f3lnoty \u017bywego R\u00f3\u017ca\u0144ca w miesi\u0105cu listopadzie: za rodzic\u00f3w, kt\u00f3rzy stracili swoje dziecko.<\/li>\n\n<li>Miesi\u0105c listopad, to szczeg\u00f3lny czas naszej modlitwy za bliskich nam zmar\u0142ych. Zapraszamy do wsp\u00f3lnej modlitwy za naszych zmar\u0142ych w ka\u017cdy dzie\u0144 miesi\u0105ca listopada o godz. 17.30 Wypominki, a o godz. 18.00 Msza \u015bw. w intencji zmar\u0142ych. Prosimy o zabranie kartek wypominkowych wy\u0142o\u017conych na \u0142awkach, na kt\u00f3rych wypiszmy imiona naszych zmar\u0142ych polecanych modlitwie Ko\u015bcio\u0142a. Prosimy r\u00f3wnie\u017c o wpisywanie dat, dni w kt\u00f3rych chcieliby\u015bmy aby imiona naszych zmar\u0142ych zosta\u0142y wyczytane.<\/li>\n\n<li>Wsp\u00f3lnota Odnowy w Duchu \u015awi\u0119tym Nazaret zaprasza jutro na wieczorn\u0105 Msz\u0119 \u015bw. o godz. 18.00. i na godzinn\u0105 adoracj\u0119 Naj\u015bwi\u0119tszego Sakramentu po Mszy \u015bw. w ko\u015bciele.<\/li>\n\n<li>Do 8 listopada odwiedzaj\u0105c cmentarz i modl\u0105c si\u0119 za zmar\u0142ych mo\u017cna uzyska\u0107 odpust zupe\u0142ny pod zwyk\u0142ymi warunkami (stan \u0142aski u\u015bwi\u0119caj\u0105cej, Komunia \u015bw., brak przywi\u0105zania do grzechu i modlitwa w intencjach papieskich). Odpust ka\u017cdego dnia mo\u017cna ofiarowa\u0107 za jedn\u0105 osob\u0119 zmar\u0142\u0105 cierpi\u0105c\u0105 w czy\u015b\u0107cu. Nie mo\u017cna ofiarowa\u0107 go za siebie<\/li>\n\n<li>We czwartek, 7 listopada zapraszamy na Msz\u0119 \u015bw. w intencji powo\u0142a\u0144 i powo\u0142anych o godz. 12.00, W ten dzie\u0144 Komunia \u015bw. b\u0119dzie udzielana pod dwiema Postaciami. Po Mszy \u015bw. o godz. 12.00 Adoracja Naj\u015bwi\u0119tszego Sakramentu do godz. 17.30.<\/li>\n\n<li>Rok pierwszy przygotowania do Sakramentu Bierzmowania ma swoje spotkanie 6 listopada (\u015broda) o godz. 19.00 w salce parafialnej. Natomiast rok drugi przygotowania do Bierzmowania ma swoje spotkanie 7 listopada (czwartek) o godz. 19.00 w salce parafialnej.<\/li>\n\n<li>Zapraszamy na spotkanie Kr\u0119gu biblijnego w pi\u0105tek, 8 listopada po Mszy \u015bw. o godz. 18.00 w domu parafialnym.<\/li>\n\n<li>Dzi\u015b po ka\u017cdej Mszy \u015bw., s\u0105 rozprowadzane kalendarze Wy\u017cszego Seminarium Duchownego Diecezji Elbl\u0105skiej na rok 2025. Ofiary z\u0142o\u017cone przy tej okazji niech b\u0119d\u0105 wsparciem dla naszego Seminarium.<\/li>\n\n<li>Za tydzie\u0144, druga niedziela miesi\u0105ca, ofiary sk\u0142adane w czasie Mszy \u015bw. b\u0119d\u0105 przeznaczone na prace remontowe w naszym ko\u015bciele.<\/li>\n\n<li>Przy wyj\u015bciu z ko\u015bcio\u0142a mo\u017cna naby\u0107 nowe numery prasy katolickiej (Go\u015b\u0107 Niedzielny, Niedziela).<\/li>\n\n<li>W minionym tygodniu odszed\u0142 do wieczno\u015bci: \u015bp. <strong>Andrzej Majchrzak<\/strong> w wieku 75 lat. Wieczny odpoczynek racz Mu da\u0107, Panie.<\/li><\/ol>","protected":false},"excerpt":{"rendered":"<p>Dzisiaj celebrujemy 31. niedziel\u0119 zwyk\u0142\u0105.<\/p>\n","protected":false},"author":1,"featured_media":257,"comment_status":"closed","ping_status":"closed","sticky":false,"template":"","format":"standard","meta":{"footnotes":""},"categories":[17],"tags":[],"class_list":["post-259","post","type-post","status-publish","format-standard","has-post-thumbnail","hentry","category-ogloszenia-i-intencje"],"_links":{"self":[{"href":"http:\/\/www.nowa.swrodzina.org\/index.php\/wp-json\/wp\/v2\/posts\/259","targetHints":{"allow":["GET"]}}],"collection":[{"href":"http:\/\/www.nowa.swrodzina.org\/index.php\/wp-json\/wp\/v2\/posts"}],"about":[{"href":"http:\/\/www.nowa.swrodzina.org\/index.php\/wp-json\/wp\/v2\/types\/post"}],"author":[{"embeddable":true,"href":"http:\/\/www.nowa.swrodzina.org\/index.php\/wp-json\/wp\/v2\/users\/1"}],"replies":[{"embeddable":true,"href":"http:\/\/www.nowa.swrodzina.org\/index.php\/wp-json\/wp\/v2\/comments?post=259"}],"version-history":[{"count":1,"href":"http:\/\/www.nowa.swrodzina.org\/index.php\/wp-json\/wp\/v2\/posts\/259\/revisions"}],"predecessor-version":[{"id":260,"href":"http:\/\/www.nowa.swrodzina.org\/index.php\/wp-json\/wp\/v2\/posts\/259\/revisions\/260"}],"wp:featuredmedia":[{"embeddable":true,"href":"http:\/\/www.nowa.swrodzina.org\/index.php\/wp-json\/wp\/v2\/media\/257"}],"wp:attachment":[{"href":"http:\/\/www.nowa.swrodzina.org\/index.php\/wp-json\/wp\/v2\/media?parent=259"}],"wp:term":[{"taxonomy":"category","embeddable":true,"href":"http:\/\/www.nowa.swrodzina.org\/index.php\/wp-json\/wp\/v2\/categories?post=259"},{"taxonomy":"post_tag","embeddable":true,"href":"http:\/\/www.nowa.swrodzina.org\/index.php\/wp-json\/wp\/v2\/tags?post=259"}],"curies":[{"name":"wp","href":"https:\/\/api.w.org\/{rel}","templated":true}]}}