{"id":256,"date":"2024-11-03T09:04:16","date_gmt":"2024-11-03T07:04:16","guid":{"rendered":"https:\/\/www.nowa.swrodzina.org\/?p=256"},"modified":"2024-11-03T09:04:17","modified_gmt":"2024-11-03T07:04:17","slug":"intencje-mszalne-xxxi-niedziela-zwykla","status":"publish","type":"post","link":"http:\/\/www.nowa.swrodzina.org\/index.php\/2024\/11\/03\/intencje-mszalne-xxxi-niedziela-zwykla\/","title":{"rendered":"Intencje Mszalne XXXI Niedziela Zwyk\u0142a"},"content":{"rendered":"<figure class=\"wp-block-table\"><table><tbody><tr><td class=\"has-text-align-center\" data-align=\"center\" colspan=\"8\"><strong>Poniedzia\u0142ek,<\/strong> 4 listopada 2024<\/td><\/tr><tr><td class=\"has-text-align-center\" data-align=\"center\" rowspan=\"2\"><strong><u>wspomnienie \u015bw. Karola Boromeusza, biskupa<\/u><\/strong><strong><u><\/u><\/strong><\/td><td>12.00<\/td><td colspan=\"2\">1.<\/td><td colspan=\"4\">\u015bp. Maria, Tomasz, Micha\u0142, Wac\u0142aw, Stefania DERWAL i ojca W\u0142odzimierz OSTAPOWICZ<\/td><\/tr><tr><td class=\"has-text-align-center\" data-align=\"center\">18.00<\/td><td colspan=\"2\">1. 2.<\/td><td colspan=\"4\">Msza zbiorowa za zmar\u0142ych &nbsp; Dzi\u0119kczynno-b\u0142agalna o Bo\u017ce b\u0142ogos\u0142awie\u0144stwo, obfite \u0142aski, charyzmaty, dary i owoce Ducha \u015aw. dla ks. Mateusza i cz\u0142onk\u00f3w wsp\u00f3lnoty NAZARET i ich rodzin<\/td><\/tr><tr><td class=\"has-text-align-center\" data-align=\"center\" colspan=\"8\"><strong>Wtorek<\/strong>, 5 listopada 2024<\/td><\/tr><tr><td class=\"has-text-align-center\" data-align=\"center\" rowspan=\"4\"><strong><u>&nbsp;<\/u><\/strong><\/td><td>12.00<\/td><td colspan=\"3\">1.<\/td><td colspan=\"3\">\u015bp. Miros\u0142awa HEJNA&nbsp; w 30 dz. p.p<\/td><\/tr><tr><td class=\"has-text-align-center\" data-align=\"center\">&nbsp;<\/td><td colspan=\"3\">2.<\/td><td colspan=\"3\">O Bo\u017ce b\u0142ogos\u0142awie\u0144stwo, dary Ducha \u015aw., opiek\u0119 \u015aw. Rodziny dla Oskara w dniu urodzin<\/td><\/tr><tr><td class=\"has-text-align-center\" data-align=\"center\" rowspan=\"2\">18.00<\/td><td colspan=\"3\">1.<\/td><td colspan=\"3\">Msza zbiorowa za zmar\u0142ych<\/td><\/tr><tr><td class=\"has-text-align-center\" data-align=\"center\" colspan=\"3\">2.<\/td><td colspan=\"3\">\u015bp. Jerzy SZARO&nbsp; z ok. 2 r. \u015bm.<\/td><\/tr><tr><td class=\"has-text-align-center\" data-align=\"center\" colspan=\"8\"><strong>\u015aroda<\/strong>, 6 listopada 2024<\/td><\/tr><tr><td class=\"has-text-align-center\" data-align=\"center\" rowspan=\"2\"><strong><u>&nbsp;<\/u><\/strong><\/td><td>12.00<\/td><td colspan=\"3\">1.<\/td><td colspan=\"3\">\u015bp. Feliks BARTOSZEWICZ w 4 r. \u015bmierci<\/td><\/tr><tr><td class=\"has-text-align-center\" data-align=\"center\">18.00<\/td><td colspan=\"3\">1.<\/td><td colspan=\"3\">Msza zbiorowa za zmar\u0142ych<\/td><\/tr><tr><td class=\"has-text-align-center\" data-align=\"center\" colspan=\"8\"><strong>Czwartek<\/strong>, 7 listopada 2024<\/td><\/tr><tr><td class=\"has-text-align-center\" data-align=\"center\" rowspan=\"2\"><strong>&nbsp;<\/strong><\/td><td>12.00<\/td><td colspan=\"3\">1.<\/td><td colspan=\"3\">O \u015bwi\u0119te i liczne powo\u0142ania kap\u0142a\u0144skie, zakonne i misyjne oraz o wytrwa\u0142o\u015b\u0107 w powo\u0142aniu , int. \u017bywy R\u00f3\u017caniec<\/td><\/tr><tr><td class=\"has-text-align-center\" data-align=\"center\">18.00<\/td><td colspan=\"3\">1. &nbsp; 2.<\/td><td colspan=\"3\">&nbsp; \u015bp. Marianna OLSZEWSKA&nbsp; w 10 r. \u015bmierci i zm. z rodziny &nbsp; &nbsp; Msza zbiorowa za zmar\u0142ych<\/td><\/tr><tr><td class=\"has-text-align-center\" data-align=\"center\" colspan=\"8\"><strong>Pi\u0105tek<\/strong>, 8 listopada 2024<\/td><\/tr><tr><td class=\"has-text-align-center\" data-align=\"center\" rowspan=\"2\"><strong><u>&nbsp;<\/u><\/strong><\/td><td colspan=\"2\">12:00<\/td><td colspan=\"2\">1.<\/td><td colspan=\"3\">Za czcicieli Bo\u017cego Mi\u0142osierdzia<\/td><\/tr><tr><td class=\"has-text-align-center\" data-align=\"center\" colspan=\"2\">18.00<\/td><td colspan=\"2\">1. 2.<\/td><td colspan=\"3\">Msza zbiorowa za zmar\u0142ych &nbsp; Za czcicieli Bo\u017cego Mi\u0142osierdzia &nbsp;<\/td><\/tr><tr><td class=\"has-text-align-center\" data-align=\"center\" colspan=\"8\"><strong>Sobota<\/strong>, 9 listopada 2024<\/td><\/tr><tr><td class=\"has-text-align-center\" data-align=\"center\" rowspan=\"2\"><strong><u>Rocznica po\u015bwi\u0119cenia Bazyliki Latera\u0144skiej, \u015bwi\u0119to<\/u><\/strong><\/td><td>12.00<\/td><td colspan=\"4\">1. &nbsp; &nbsp; 2. &nbsp;<\/td><td colspan=\"2\">&nbsp; \u015bp. Bronis\u0142aw SOBOCI\u0143SKI w 30 dz. p.p. &nbsp; &nbsp; Dzi\u0119kczynna z podzi\u0119kowaniem za wsparcie w czasie choroby z pro\u015bb\u0105 do Matki Bo\u017cej o \u0142ask\u0119 zdrowia i b\u0142og. Bo\u017ce dla Uli, Bo\u017cena, Jadwigi, Joli, Edyty, Ani<\/td><\/tr><tr><td class=\"has-text-align-center\" data-align=\"center\">18.00<\/td><td colspan=\"4\">&nbsp;1.<\/td><td>Msza zbiorowa za zmar\u0142ych &nbsp;<\/td><td>&nbsp;<\/td><\/tr><tr><td class=\"has-text-align-center\" data-align=\"center\" colspan=\"8\"><strong>Niedziela, <\/strong>10 listopada 2024<\/td><\/tr><tr><td class=\"has-text-align-center\" data-align=\"center\" rowspan=\"6\"><strong><u>32 NIEDZIELA ZWYK\u0141A<\/u><\/strong><strong><u><\/u><\/strong><\/td><td>07.30<\/td><td colspan=\"6\">\u015bp. Barbara KONIECZNA w 1 r. \u015bmierci<\/td><\/tr><tr><td class=\"has-text-align-center\" data-align=\"center\">09.00<\/td><td colspan=\"6\">\u015bp. Henryk BUDEK w 23 r. \u015bmierci \u015bp. Wiktor BUDEK w 21 r. \u015bmierci<\/td><\/tr><tr><td class=\"has-text-align-center\" data-align=\"center\">10.30<\/td><td colspan=\"6\">\u015bp. Tomasz MAKOWSKI w 9 r. \u015bmierci \u015bp. Rozalia MIKOSIAK w 4 r. \u015bmierci<\/td><\/tr><tr><td class=\"has-text-align-center\" data-align=\"center\">12.00<\/td><td colspan=\"6\">\u015bp. Stanis\u0142aw TEODORUK w 4 r. \u015bmierci<\/td><\/tr><tr><td class=\"has-text-align-center\" data-align=\"center\">18.00<\/td><td colspan=\"6\">&nbsp;&nbsp;Msza zbiorowa za zmar\u0142ych<\/td><\/tr><tr><td class=\"has-text-align-center\" data-align=\"center\">20.00<\/td><td colspan=\"6\">&nbsp; &nbsp;Za Parafian<\/td><\/tr><\/tbody><\/table><\/figure>","protected":false},"excerpt":{"rendered":"<p>Intencje mszalne 04.11-10.11<\/p>\n","protected":false},"author":1,"featured_media":257,"comment_status":"closed","ping_status":"closed","sticky":false,"template":"","format":"standard","meta":{"footnotes":""},"categories":[17],"tags":[],"class_list":["post-256","post","type-post","status-publish","format-standard","has-post-thumbnail","hentry","category-ogloszenia-i-intencje"],"_links":{"self":[{"href":"http:\/\/www.nowa.swrodzina.org\/index.php\/wp-json\/wp\/v2\/posts\/256","targetHints":{"allow":["GET"]}}],"collection":[{"href":"http:\/\/www.nowa.swrodzina.org\/index.php\/wp-json\/wp\/v2\/posts"}],"about":[{"href":"http:\/\/www.nowa.swrodzina.org\/index.php\/wp-json\/wp\/v2\/types\/post"}],"author":[{"embeddable":true,"href":"http:\/\/www.nowa.swrodzina.org\/index.php\/wp-json\/wp\/v2\/users\/1"}],"replies":[{"embeddable":true,"href":"http:\/\/www.nowa.swrodzina.org\/index.php\/wp-json\/wp\/v2\/comments?post=256"}],"version-history":[{"count":1,"href":"http:\/\/www.nowa.swrodzina.org\/index.php\/wp-json\/wp\/v2\/posts\/256\/revisions"}],"predecessor-version":[{"id":258,"href":"http:\/\/www.nowa.swrodzina.org\/index.php\/wp-json\/wp\/v2\/posts\/256\/revisions\/258"}],"wp:featuredmedia":[{"embeddable":true,"href":"http:\/\/www.nowa.swrodzina.org\/index.php\/wp-json\/wp\/v2\/media\/257"}],"wp:attachment":[{"href":"http:\/\/www.nowa.swrodzina.org\/index.php\/wp-json\/wp\/v2\/media?parent=256"}],"wp:term":[{"taxonomy":"category","embeddable":true,"href":"http:\/\/www.nowa.swrodzina.org\/index.php\/wp-json\/wp\/v2\/categories?post=256"},{"taxonomy":"post_tag","embeddable":true,"href":"http:\/\/www.nowa.swrodzina.org\/index.php\/wp-json\/wp\/v2\/tags?post=256"}],"curies":[{"name":"wp","href":"https:\/\/api.w.org\/{rel}","templated":true}]}}