{"id":242,"date":"2024-10-12T19:21:35","date_gmt":"2024-10-12T17:21:35","guid":{"rendered":"http:\/\/www.nowa.swrodzina.org\/?p=242"},"modified":"2024-10-12T19:21:38","modified_gmt":"2024-10-12T17:21:38","slug":"ogloszenia-parafialne-xxviii-niedziela-zwykla","status":"publish","type":"post","link":"http:\/\/www.nowa.swrodzina.org\/index.php\/2024\/10\/12\/ogloszenia-parafialne-xxviii-niedziela-zwykla\/","title":{"rendered":"Og\u0142oszenia Parafialne XXVIII Niedziela Zwyk\u0142a"},"content":{"rendered":"<p>1.Dzi\u015b druga niedziela miesi\u0105ca i taca inwestycyjna. R\u00f3wnie\u017c dzisiaj po ka\u017cdej Mszy \u015bw. zbierane s\u0105 ofiary do puszki na Fundacje \u201eDzie\u0142o Nowego Tysi\u0105clecie\u201d.<\/p><p>2. Dzisiaj 13 pa\u017adziernika, wspominamy sz\u00f3ste, ostatnie objawienie si\u0119 Maryi w Fatimie. Zapraszamy do udzia\u0142u w wieczornej Mszy \u015bw. o godz. 18.00. Po Mszy \u015bw. odb\u0119dzie si\u0119 procesja z figur\u0105 NMP z Fatimy wok\u00f3\u0142 ko\u015bcio\u0142a. Prosimy o sk\u0142adanie swoich intencji do skrzyni pod figurk\u0105 Matki Bo\u017cej z Fatimy, w tych intencjach b\u0119dziemy si\u0119 modlili na wsp\u00f3lnym R\u00f3\u017ca\u0144cu o godz. 17.30.<\/p><p>3. Przez ca\u0142y miesi\u0105c pa\u017adziernik zapraszamy na Nabo\u017ce\u0144stwa R\u00f3\u017ca\u0144cowe, codziennie o godz. 17.30. Dzieci zapraszamy na R\u00f3\u017caniec we czwartek o godz. 16.30.<\/p><p>4. Drugi rok przygotowania do Sakramentu Bierzmowania ma swoje spotkanie w najbli\u017cszy czwartek 17 pa\u017adziernika po wieczornej Mszy \u015bw. w salce parafialnej.<\/p><p>5. Zbli\u017ca si\u0119 miesi\u0105c listopad, to szczeg\u00f3lny czas naszej modlitwy za bliskich nam zmar\u0142ych. Ju\u017c dzisiaj zapraszamy do wsp\u00f3lnej modlitwy za naszych zmar\u0142ych w ka\u017cdy dzie\u0144 miesi\u0105ca listopada o godz. 17.30 Wypominki, a o godz. 18.00 Msza \u015bw. w intencji zmar\u0142ych. Prosimy o zabranie kartek wypominkowych wy\u0142o\u017conych na \u0142awkach, na kt\u00f3rych wypiszmy imiona naszych zmar\u0142ych polecanych modlitwie Ko\u015bcio\u0142a.<\/p><p>6. W dniu 24 pa\u017adziernika 2024 r. we czwartek o godz. 18.00 w naszym mie\u015bcie w hali widowiskowo-sportowej przy ul. Grunwaldzkiej, odb\u0119dzie si\u0119 XXIV Gala Dni Papieskich, bardzo serdecznie na to wydarzenie zapraszamy. Wst\u0119p wolny, bilety mo\u017cna otrzyma\u0107 w zakrystii.<\/p><p>7. W tym tygodniu b\u0119dziemy obchodzi\u0107 wspomnienie: w poniedzia\u0142ek \u015bw. Ma\u0142gorzaty Marii Alacoque, we wtorek \u015bw. Teresy od Jezusa, dziewicy i doktora Ko\u015bcio\u0142a, we \u015brod\u0119 \u015bw. Jadwigi \u015al\u0105skiej, w pi\u0105tek natomiast \u015bwi\u0119to \u015bw. \u0141ukasza, Ewangelisty, patrona S\u0142u\u017cby Zdrowia.<\/p><p>8. We wtorek 15 pa\u017adziernika obchodzony jest dzie\u0144 \u201eDziecka Utraconego\u201d. Wszystkich rodzic\u00f3w i bliskich, kt\u00f3rzy prze\u017cyli tragedi\u0119 \u015bmierci w\u0142asnego dziecka, przed lub wkr\u00f3tce po urodzeniu zapraszamy tego dnia do ko\u015bcio\u0142a p.w. B\u0142. Franciszki Siedliskiej w Elbl\u0105gu (ul. Willowa), na wsp\u00f3ln\u0105 modlitw\u0119. o godz. 17.30 b\u0119dzie odmawiany R\u00f3\u017caniec a o godz. 18.00 Msza \u015bw.<\/p><p>9. W pi\u0105tek 18 pa\u017adziernika Biskup elbl\u0105ski wraz z kapelanami elbl\u0105skich szpitali zaprasza na Msze \u015bw. do katedry \u015bw. Miko\u0142aja w Elbl\u0105gu na godz. 18.00 w intencji w S\u0142u\u017cby Zdrowia.<\/p><p>10. Duszpasterstwo m\u0142odzie\u017cy naszej diecezji zaprasza m\u0142odzie\u017c w wieku 18-35 lat na Europejskie Spotkanie M\u0142odzie\u017cy w duchu Taize, kt\u00f3re odb\u0119dzie si\u0119 na prze\u0142omie grudnia i stycznia (28.12.-01.01.) w Tallinie, w Estonii. Koszt wyjazdu 400 z\u0142 i 80 euro. Zapisy i szczeg\u00f3\u0142y u ks. Mateusza.<\/p><p>11. Wiele os\u00f3b do\u015bwiadcza cierpienia wobec swojego uzale\u017cnienia b\u0105d\u017a uzale\u017cnienia najbli\u017cszych a tak\u017ce innych prze\u017cywanych problem\u00f3w. Stowarzyszenie KARAN zaprasza do wsp\u00f3lnej modlitwy w trzeci\u0105 niedziel\u0119 miesi\u0105ca czyli 20 pa\u017adziernika na wsp\u00f3ln\u0105 Msz\u0119 \u015bw. o godz. 16.00 i spotkanie do Ko\u015bcio\u0142a Bo\u017cego Cia\u0142a przy ulicy Robotniczej 29.&nbsp;<\/p><p>12. Zach\u0119camy do czytania prasy katolickiej. Jest najnowszy numer \u201eGo\u015bcia niedzielnego\u201d i \u201eNiedzieli\u201d. Przy wyj\u015bciu z ko\u015bcio\u0142a mo\u017cna naby\u0107 pras\u0119 katolick\u0105.<\/p><p>13. W ubieg\u0142ym tygodniu z naszej wsp\u00f3lnoty parafialnej odesz\u0142y do wieczno\u015bci <strong>\u015b.p.<\/strong> <strong>Bronis\u0142aw Soboci\u0144ski, l. 76, i \u015b.p. Marek Leszczewicz, l. 66<\/strong>, polecajmy Ich Bo\u017cemu Mi\u0142osierdziu. Wieczny odpoczynek racz Im da\u0107 Panie\u2026<\/p>","protected":false},"excerpt":{"rendered":"<p>Dzisiaj celebrujemy 28. niedziel\u0119 zwyk\u0142\u0105.<\/p>\n","protected":false},"author":1,"featured_media":240,"comment_status":"closed","ping_status":"closed","sticky":false,"template":"","format":"standard","meta":{"footnotes":""},"categories":[17],"tags":[],"class_list":["post-242","post","type-post","status-publish","format-standard","has-post-thumbnail","hentry","category-ogloszenia-i-intencje"],"_links":{"self":[{"href":"http:\/\/www.nowa.swrodzina.org\/index.php\/wp-json\/wp\/v2\/posts\/242","targetHints":{"allow":["GET"]}}],"collection":[{"href":"http:\/\/www.nowa.swrodzina.org\/index.php\/wp-json\/wp\/v2\/posts"}],"about":[{"href":"http:\/\/www.nowa.swrodzina.org\/index.php\/wp-json\/wp\/v2\/types\/post"}],"author":[{"embeddable":true,"href":"http:\/\/www.nowa.swrodzina.org\/index.php\/wp-json\/wp\/v2\/users\/1"}],"replies":[{"embeddable":true,"href":"http:\/\/www.nowa.swrodzina.org\/index.php\/wp-json\/wp\/v2\/comments?post=242"}],"version-history":[{"count":1,"href":"http:\/\/www.nowa.swrodzina.org\/index.php\/wp-json\/wp\/v2\/posts\/242\/revisions"}],"predecessor-version":[{"id":243,"href":"http:\/\/www.nowa.swrodzina.org\/index.php\/wp-json\/wp\/v2\/posts\/242\/revisions\/243"}],"wp:featuredmedia":[{"embeddable":true,"href":"http:\/\/www.nowa.swrodzina.org\/index.php\/wp-json\/wp\/v2\/media\/240"}],"wp:attachment":[{"href":"http:\/\/www.nowa.swrodzina.org\/index.php\/wp-json\/wp\/v2\/media?parent=242"}],"wp:term":[{"taxonomy":"category","embeddable":true,"href":"http:\/\/www.nowa.swrodzina.org\/index.php\/wp-json\/wp\/v2\/categories?post=242"},{"taxonomy":"post_tag","embeddable":true,"href":"http:\/\/www.nowa.swrodzina.org\/index.php\/wp-json\/wp\/v2\/tags?post=242"}],"curies":[{"name":"wp","href":"https:\/\/api.w.org\/{rel}","templated":true}]}}