{"id":239,"date":"2024-10-12T19:18:34","date_gmt":"2024-10-12T17:18:34","guid":{"rendered":"http:\/\/www.nowa.swrodzina.org\/?p=239"},"modified":"2024-10-12T19:18:35","modified_gmt":"2024-10-12T17:18:35","slug":"intencje-mszalne-xxviii-niedziela-zwykla","status":"publish","type":"post","link":"http:\/\/www.nowa.swrodzina.org\/index.php\/2024\/10\/12\/intencje-mszalne-xxviii-niedziela-zwykla\/","title":{"rendered":"Intencje Mszalne XXVIII Niedziela Zwyk\u0142a"},"content":{"rendered":"<figure class=\"wp-block-table\"><table><tbody><tr><td class=\"has-text-align-center\" data-align=\"center\" colspan=\"8\"><strong>Poniedzia\u0142ek,<\/strong> 14 pa\u017adziernika 2024<\/td><\/tr><tr><td class=\"has-text-align-center\" data-align=\"center\" rowspan=\"2\"><strong><u>Wspomnienie \u015aw. Ma\u0142gorzaty Marii Alacoque, dziewicy<\/u><\/strong><\/td><td>12.00<\/td><td colspan=\"2\">1.<\/td><td colspan=\"4\">\u015bp. J\u00f3zef<\/td><\/tr><tr><td class=\"has-text-align-center\" data-align=\"center\">18.00<\/td><td colspan=\"2\">1. &nbsp;<\/td><td colspan=\"4\">Dzi\u0119kczynno-b\u0142agalna z ok. 43 r. urodzin ks. Marcina z pro\u015bb\u0105 o b\u0142ogos\u0142awie\u0144stwo Bo\u017ce i dary Ducha \u015aw. \u2013 int. od \u201eMargaretki\u201d<\/td><\/tr><tr><td class=\"has-text-align-center\" data-align=\"center\" colspan=\"8\"><strong>Wtorek<\/strong>, 15 pa\u017adziernika 2024<\/td><\/tr><tr><td class=\"has-text-align-center\" data-align=\"center\" rowspan=\"3\"><strong><u>Wspomnienie \u015bw. Teresy od Jezusa, dziewicy i doktora Ko\u015bcio\u0142a<\/u><\/strong><\/td><td>12.00<\/td><td colspan=\"3\">1.<\/td><td colspan=\"3\">\u015bp. Walerian SKROBOTUN w 7 r. \u015bmierci i zmarli rodzice: Irena i Bazyli SKROBOTUN<\/td><\/tr><tr><td class=\"has-text-align-center\" data-align=\"center\" rowspan=\"2\">18.00<\/td><td colspan=\"3\">1.<\/td><td colspan=\"3\">\u015bp. Jadwiga, Eugeniusz, Wies\u0142aw SZA\u0141KOWSCY<\/td><\/tr><tr><td class=\"has-text-align-center\" data-align=\"center\" colspan=\"3\">2.<\/td><td colspan=\"3\">\u015bp. Piotr 37 r. \u015bmierci, Bronis\u0142awa i zmarli z rodzin: WAWRYSZUK, MARCHALEWSKICH, KORZENIEWSKICH I NESTOROWICZ<\/td><\/tr><tr><td class=\"has-text-align-center\" data-align=\"center\" colspan=\"8\"><strong>\u015aroda<\/strong>, 16 pa\u017adziernika 2024<\/td><\/tr><tr><td class=\"has-text-align-center\" data-align=\"center\" rowspan=\"2\"><strong><u>Wspomnienie \u015bw. Jadwigi \u015al\u0105skiej<\/u><\/strong><\/td><td>12.00<\/td><td colspan=\"3\">1.<\/td><td colspan=\"3\">\u015bp. Irena CIE\u015aLAK&nbsp; w 15 r. \u015bmierci<\/td><\/tr><tr><td class=\"has-text-align-center\" data-align=\"center\">18.00<\/td><td colspan=\"3\">1.<\/td><td colspan=\"3\">\u015bp. Kazimierz GORYSZEWSKI<\/td><\/tr><tr><td class=\"has-text-align-center\" data-align=\"center\" colspan=\"8\"><strong>Czwartek<\/strong>, 17 pa\u017adziernika 2024<\/td><\/tr><tr><td class=\"has-text-align-center\" data-align=\"center\" rowspan=\"2\"><strong><u>Wspomnienie \u015bw. Ignacego Antioche\u0144skiego<\/u><\/strong><strong><\/strong><\/td><td>12.00<\/td><td colspan=\"3\">1.<\/td><td colspan=\"3\">o Bo\u017ce b\u0142. dla ANNY<\/td><\/tr><tr><td class=\"has-text-align-center\" data-align=\"center\">18.00<\/td><td colspan=\"3\">&nbsp; 1. &nbsp;<\/td><td colspan=\"3\">\u015bp. Alfons GDANIEC<\/td><\/tr><tr><td class=\"has-text-align-center\" data-align=\"center\" colspan=\"8\"><strong>Pi\u0105tek<\/strong>, 18 pa\u017adziernika 2024<\/td><\/tr><tr><td class=\"has-text-align-center\" data-align=\"center\" rowspan=\"3\"><strong><u>\u015awi\u0119to \u015bw. \u0141ukasza, Ewangelisty<\/u><\/strong><\/td><td colspan=\"2\">12.00<\/td><td colspan=\"2\">1.<\/td><td colspan=\"3\">Za czcicieli Mi\u0142osierdzia Bo\u017cego<\/td><\/tr><tr><td class=\"has-text-align-center\" data-align=\"center\" colspan=\"2\" rowspan=\"2\">18.00<\/td><td colspan=\"2\">1.<\/td><td colspan=\"3\">Za czcicieli &nbsp;Mi\u0142osierdzia Bo\u017cego<\/td><\/tr><tr><td class=\"has-text-align-center\" data-align=\"center\" colspan=\"2\">2.<\/td><td colspan=\"3\">\u015bp. W\u0142adys\u0142awa U\u015aCINOWICZ w 9 r. \u015bmierci<\/td><\/tr><tr><td class=\"has-text-align-center\" data-align=\"center\" colspan=\"8\"><strong>Sobota<\/strong>, 19 pa\u017adziernika 2024<\/td><\/tr><tr><td class=\"has-text-align-center\" data-align=\"center\" rowspan=\"2\"><strong><u>Wspomnienie B\u0142. Jerzego Popie\u0142uszki<\/u><\/strong><\/td><td>12.00<\/td><td colspan=\"4\">1.<\/td><td colspan=\"2\">\u015bp. Jadwiga SMYK w 18 r. \u015bmierci i \u015bp. J\u00f3zef w 46 r. \u015bmierci<\/td><\/tr><tr><td class=\"has-text-align-center\" data-align=\"center\">18.00<\/td><td colspan=\"4\">1.<\/td><td>\u015bp. Natalia MA\u0141YSKO<\/td><td><\/td><\/tr><tr><td class=\"has-text-align-center\" data-align=\"center\" colspan=\"8\"><strong>Niedziela, <\/strong>20 pa\u017adziernika 2024<\/td><\/tr><tr><td class=\"has-text-align-center\" data-align=\"center\" rowspan=\"7\"><strong>28 niedziela zwyk\u0142a<\/strong><strong><\/strong><\/td><td>07.30<\/td><td colspan=\"6\">\u015bp. Irena, Stanis\u0142aw, Henryk, Kazimierz SOKO\u0141OWSCY, Barbara KONIECZNA i Ma\u0142gorzata OSUCH<\/td><\/tr><tr><td class=\"has-text-align-center\" data-align=\"center\">09.00<\/td><td colspan=\"6\">\u015bp. Bronis\u0142aw(m) HAJDUCZENIA<\/td><\/tr><tr><td class=\"has-text-align-center\" data-align=\"center\">10.30<\/td><td colspan=\"6\">\u015bp. Zdzis\u0142aw WO\u0141KOWICZ w 34 r. \u015bmierci, Stanis\u0142awa(k), Zofia, W\u0142adys\u0142aw, Gra\u017cyna, Ewa, Teresa<\/td><\/tr><tr><td class=\"has-text-align-center\" data-align=\"center\">12.00<\/td><td colspan=\"6\">Dzi\u0119kczynna za Dari\u0119 i Paw\u0142a w 10 r. zawarcia sakramentu ma\u0142\u017ce\u0144stwa z pro\u015bb\u0105 O Bo\u017ce b\u0142ogos\u0142awie\u0144stwo, opiek\u0119 \u015awi\u0119tej Rodziny dla jubilat\u00f3w i ich dzieci<\/td><\/tr><tr><td class=\"has-text-align-center\" data-align=\"center\">12.00<\/td><td colspan=\"6\">\u015bp. Adam LEWICKI &nbsp;<\/td><\/tr><tr><td class=\"has-text-align-center\" data-align=\"center\">18.00<\/td><td colspan=\"6\">&nbsp;\u015bp. J\u00f3zefa(k), Jan, \u017bUCHEWICZ, Bogus\u0142aw \u017bUCHEWICZ, Jaros\u0142aw RAFALSKI<\/td><\/tr><tr><td class=\"has-text-align-center\" data-align=\"center\">20.00<\/td><td colspan=\"6\">za PARAFIAN<\/td><\/tr><\/tbody><\/table><\/figure>","protected":false},"excerpt":{"rendered":"<p>Intencje mszalne 14.10-20.10<\/p>\n","protected":false},"author":1,"featured_media":240,"comment_status":"closed","ping_status":"closed","sticky":false,"template":"","format":"standard","meta":{"footnotes":""},"categories":[17],"tags":[],"class_list":["post-239","post","type-post","status-publish","format-standard","has-post-thumbnail","hentry","category-ogloszenia-i-intencje"],"_links":{"self":[{"href":"http:\/\/www.nowa.swrodzina.org\/index.php\/wp-json\/wp\/v2\/posts\/239","targetHints":{"allow":["GET"]}}],"collection":[{"href":"http:\/\/www.nowa.swrodzina.org\/index.php\/wp-json\/wp\/v2\/posts"}],"about":[{"href":"http:\/\/www.nowa.swrodzina.org\/index.php\/wp-json\/wp\/v2\/types\/post"}],"author":[{"embeddable":true,"href":"http:\/\/www.nowa.swrodzina.org\/index.php\/wp-json\/wp\/v2\/users\/1"}],"replies":[{"embeddable":true,"href":"http:\/\/www.nowa.swrodzina.org\/index.php\/wp-json\/wp\/v2\/comments?post=239"}],"version-history":[{"count":1,"href":"http:\/\/www.nowa.swrodzina.org\/index.php\/wp-json\/wp\/v2\/posts\/239\/revisions"}],"predecessor-version":[{"id":241,"href":"http:\/\/www.nowa.swrodzina.org\/index.php\/wp-json\/wp\/v2\/posts\/239\/revisions\/241"}],"wp:featuredmedia":[{"embeddable":true,"href":"http:\/\/www.nowa.swrodzina.org\/index.php\/wp-json\/wp\/v2\/media\/240"}],"wp:attachment":[{"href":"http:\/\/www.nowa.swrodzina.org\/index.php\/wp-json\/wp\/v2\/media?parent=239"}],"wp:term":[{"taxonomy":"category","embeddable":true,"href":"http:\/\/www.nowa.swrodzina.org\/index.php\/wp-json\/wp\/v2\/categories?post=239"},{"taxonomy":"post_tag","embeddable":true,"href":"http:\/\/www.nowa.swrodzina.org\/index.php\/wp-json\/wp\/v2\/tags?post=239"}],"curies":[{"name":"wp","href":"https:\/\/api.w.org\/{rel}","templated":true}]}}