{"id":233,"date":"2024-10-06T07:13:00","date_gmt":"2024-10-06T05:13:00","guid":{"rendered":"http:\/\/www.nowa.swrodzina.org\/?p=233"},"modified":"2024-10-06T07:13:02","modified_gmt":"2024-10-06T05:13:02","slug":"ogloszenia-parafialne-xxvii-niedziela-zwykla","status":"publish","type":"post","link":"http:\/\/www.nowa.swrodzina.org\/index.php\/2024\/10\/06\/ogloszenia-parafialne-xxvii-niedziela-zwykla\/","title":{"rendered":"Og\u0142oszenia Parafialne XXVII Niedziela Zwyk\u0142a"},"content":{"rendered":"<p>1.Dzi\u015b pierwsza niedziela miesi\u0105ca i adoracja Naj\u015bwi\u0119tszego Sakramentu.<\/p><p>2.Zapraszamy na Nabo\u017ce\u0144stwa R\u00f3\u017ca\u0144cowe codziennie o godz. 17.30. Dzieci spotykaj\u0105 si\u0119 na Nabo\u017ce\u0144stwie R\u00f3\u017ca\u0144cowym we czwartek o godz. 16.30.<\/p><p>3. Uczniowie klas \u00f3smych szko\u0142y podstawowej i starszych szk\u00f3\u0142 ponadpodstawowych, kt\u00f3rzy si\u0119 jeszcze nie zapisali na przygotowanie do Sakramentu Bierzmowania mog\u0105 to uczyni\u0107 dzisiaj po Mszach \u015bw. u ks. Mateusza. Pierwsze spotkanie dla zapisanych we \u015brod\u0119 9 pa\u017adziernika 2024 r., po Mszy \u015bw. wieczornej w salce parafialnej.&nbsp;<\/p><p>4. Drugi rok przygotowania do Sakramentu Bierzmowania b\u0119dzie mia\u0142 swoje spotkanie w pi\u0105tek 18 pa\u017adziernika po wieczornej Mszy \u015bw. w salce parafialnej.<\/p><p>5. W niedziel\u0119 13.10. wspominamy sz\u00f3ste, ostatnie objawienie si\u0119 Maryi w Fatimie. Zapraszamy do udzia\u0142u w wieczornej Mszy \u015bw. o godz. 18.00. Po Mszy \u015bw. odb\u0119dzie si\u0119 procesja z figur\u0105 NMP z Fatimy wok\u00f3\u0142 ko\u015bcio\u0142a i R\u00f3\u017caniec. Prosimy o sk\u0142adanie swoich intencji do skrzyni pod figurk\u0105 Matki Bo\u017cej z Fatimy.<\/p><p>6. W pi\u0105tek 11 pa\u017adziernika po wieczornej Mszy \u015bw. spotkanie Kr\u0119gu biblijnego w salce parafialnej. &nbsp;<\/p><p>7. Miesi\u0105c listopad, kt\u00f3ry powoli si\u0119 zbli\u017ca jest szczeg\u00f3lnym czasem naszej modlitwy za zmar\u0142ych. Dlatego prosimy o modlitw\u0119 za nich. Ci, kt\u00f3rzy odeszli do wieczno\u015bci oczekuj\u0105 naszej modlitwy i Mszy \u015bw., aby otrzyma\u0107 ulg\u0119 w cierpieniu, uwolnienie z czy\u015b\u0107ca i mo\u017cliwo\u015b\u0107 przebywania z Bogiem na wieki. W miesi\u0105cu listopadzie b\u0119dzie modli\u0107 si\u0119 w wypominkach na r\u00f3\u017ca\u0144cu o godz. 17.30 i Mszy \u015bw. zbiorowej za zmar\u0142ych o godz. 18.00.<\/p><p>8. Za tydzie\u0144 druga niedziela miesi\u0105ca i taca inwestycyjna. R\u00f3wnie\u017c za tydzie\u0144 Dzie\u0144 papieski i zbi\u00f3rka do puszki na Dzie\u0142o Nowego tysi\u0105clecia. Po Mszach \u015bw. zbi\u00f3rka na stypendia dla zdolnej, a ubogiej m\u0142odzie\u017cy i dzieci.<\/p><p>9. W tym tygodniu b\u0119dziemy obchodzi\u0107 wspomnienie: w poniedzia\u0142ek Naj\u015bwi\u0119tszej Maryi Panny R\u00f3\u017ca\u0144cowej, w pi\u0105tek \u015bw. Jana XXIII, papie\u017ca.<\/p><p>10. Zach\u0119camy do czytania prasy katolickiej. Jest najnowszy numer \u201eGo\u015bcia niedzielnego\u201d i \u201eNiedzieli\u201d. Przy wyj\u015bciu z ko\u015bcio\u0142a mo\u017cna naby\u0107 pras\u0119 katolick\u0105.<\/p><p>11. W ubieg\u0142ym tygodniu z naszej wsp\u00f3lnoty parafialnej odesz\u0142y do wieczno\u015bci \u015b. p. <strong>Miros\u0142awa Hejna, l. 77, i \u015b. p. El\u017cbieta Sikora, l. 77<\/strong>, polecajmy Je Bo\u017cemu Mi\u0142osierdziu. Wieczny odpoczynek racz Im da\u0107 Panie\u2026<\/p>","protected":false},"excerpt":{"rendered":"<p>Dzisiaj celebrujemy 27. niedziel\u0119 zwyk\u0142\u0105.<\/p>\n","protected":false},"author":1,"featured_media":231,"comment_status":"closed","ping_status":"closed","sticky":false,"template":"","format":"standard","meta":{"footnotes":""},"categories":[17],"tags":[],"class_list":["post-233","post","type-post","status-publish","format-standard","has-post-thumbnail","hentry","category-ogloszenia-i-intencje"],"_links":{"self":[{"href":"http:\/\/www.nowa.swrodzina.org\/index.php\/wp-json\/wp\/v2\/posts\/233","targetHints":{"allow":["GET"]}}],"collection":[{"href":"http:\/\/www.nowa.swrodzina.org\/index.php\/wp-json\/wp\/v2\/posts"}],"about":[{"href":"http:\/\/www.nowa.swrodzina.org\/index.php\/wp-json\/wp\/v2\/types\/post"}],"author":[{"embeddable":true,"href":"http:\/\/www.nowa.swrodzina.org\/index.php\/wp-json\/wp\/v2\/users\/1"}],"replies":[{"embeddable":true,"href":"http:\/\/www.nowa.swrodzina.org\/index.php\/wp-json\/wp\/v2\/comments?post=233"}],"version-history":[{"count":1,"href":"http:\/\/www.nowa.swrodzina.org\/index.php\/wp-json\/wp\/v2\/posts\/233\/revisions"}],"predecessor-version":[{"id":234,"href":"http:\/\/www.nowa.swrodzina.org\/index.php\/wp-json\/wp\/v2\/posts\/233\/revisions\/234"}],"wp:featuredmedia":[{"embeddable":true,"href":"http:\/\/www.nowa.swrodzina.org\/index.php\/wp-json\/wp\/v2\/media\/231"}],"wp:attachment":[{"href":"http:\/\/www.nowa.swrodzina.org\/index.php\/wp-json\/wp\/v2\/media?parent=233"}],"wp:term":[{"taxonomy":"category","embeddable":true,"href":"http:\/\/www.nowa.swrodzina.org\/index.php\/wp-json\/wp\/v2\/categories?post=233"},{"taxonomy":"post_tag","embeddable":true,"href":"http:\/\/www.nowa.swrodzina.org\/index.php\/wp-json\/wp\/v2\/tags?post=233"}],"curies":[{"name":"wp","href":"https:\/\/api.w.org\/{rel}","templated":true}]}}