{"id":198,"date":"2024-09-14T18:01:00","date_gmt":"2024-09-14T16:01:00","guid":{"rendered":"http:\/\/www.nowa.swrodzina.org\/?p=198"},"modified":"2024-09-13T10:19:48","modified_gmt":"2024-09-13T08:19:48","slug":"ogloszenia-parafialne-xxiv-niedziela-zwykla","status":"publish","type":"post","link":"http:\/\/www.nowa.swrodzina.org\/index.php\/2024\/09\/14\/ogloszenia-parafialne-xxiv-niedziela-zwykla\/","title":{"rendered":"Og\u0142oszenia Parafialne XXIV Niedziela Zwyk\u0142a"},"content":{"rendered":"<ol start=\"1\" class=\"wp-block-list\"><li>Dzisiaj celebrujemy 24. niedziel\u0119 zwyk\u0142\u0105. Serdecznie dzi\u0119kujemy za ofiary sk\u0142adane na prace remontowe. W zesz\u0142\u0105 niedziel\u0119 z\u0142o\u017cono wraz z ofiarami na konto parafialne 5322 z\u0142.<\/li>\n\n<li>Dzisiaj w naszej wsp\u00f3lnocie parafialnej go\u015bcimy Siostry ze Zgromadzenia Matki Bo\u017cej Loreta\u0144skiej, kt\u00f3re podziel\u0105 si\u0119 z nami do\u015bwiadczeniem swojej pracy. Po Mszach \u015awi\u0119tych b\u0119dzie mo\u017cliwo\u015b\u0107 wsparcia ich po przez zakup ksi\u0105\u017cek, dewocjonali\u00f3w i z\u0142o\u017cenia ofiary do puszki. B\u00f3g zap\u0142a\u0107!<\/li>\n\n<li>W zakrystii mo\u017cna pobra\u0107 karty zg\u0142oszeniowe dla dzieci kt\u00f3re w roku 2025 przyst\u0105pi\u0105 do pierwszej spowiedzi i komunii \u015bwi\u0119tej. Wype\u0142nione karty prosimy odda\u0107 do kancelarii parafialnej lub zakrystii do ko\u0144ca wrze\u015bnia. W naszej parafii uroczysto\u015b\u0107 I komunii \u015bwi\u0119tej odb\u0119dzie si\u0119 w dniu 17 maja 2025 (sobota). Pierwsze spotkanie organizacyjne dla rodzic\u00f3w dzieci pierwszokomunijnych w niedziel\u0119 29 wrze\u015bnia po Mszy \u015awi\u0119tej o 12.00.<\/li>\n\n<li>Zapisy kandydat\u00f3w do bierzmowania z klasy pierwszej szko\u0142y \u015bredniej i starszych u ks. Mateusza do ko\u0144ca wrze\u015bnia.<\/li>\n\n<li>Duszpasterstwo M\u0142odzie\u017cy Diecezji Elbl\u0105skiej zaprasza na kolejne, 30. czuwanie m\u0142odzie\u017cy diecezji elbl\u0105skiej w Mi\u0142om\u0142ynie kt\u00f3re odb\u0119dzie si\u0119 z pi\u0105tku na sobot\u0119 27\/28 wrze\u015bnia. Wi\u0119cej informacji u ks. Mateusza.<\/li>\n\n<li>Trwa jesienna tura rekrutacji na studia w Wy\u017cszym Seminarium Duchownym Diecezji Elbl\u0105skiej. Zg\u0142oszenia potrwaj\u0105 do 16 wrze\u015bnia.<\/li>\n\n<li>W sobot\u0119 21 wrze\u015bnia w katedrze elbl\u0105skiej biskup elbl\u0105ski Jacek Jezierski ma zamiar udzieli\u0107 \u015bwi\u0119ce\u0144 kap\u0142a\u0144skich diakonowi Kamilowi Budek, naszemu parafianinowi. Ktokolwiek wiedzia\u0142by o przeszkodach, kt\u00f3re uniemo\u017cliwi\u0142yby Mu przyj\u0119cie \u015bwi\u0119ce\u0144, powinien powiadomi\u0107 o tym fakcie ksi\u0119dza Proboszcza. Przygotowuj\u0105cego si\u0119 do \u015bwi\u0119ce\u0144 diakona powierzamy naszym modlitwom. Msza \u015bwi\u0119ta prymicyjna zostanie odprawiona 22 wrze\u015bnia o godz. 12.00 w naszym ko\u015bciele.<\/li>\n\n<li>Spotkanie kr\u0119gu biblijnego w pi\u0105tek, 20 wrze\u015bnia, po mszy wieczornej w salce domu parafialnego.<\/li>\n\n<li>W tym tygodniu wspominamy: w poniedzia\u0142ek \u015bwi\u0119tych m\u0119czennik\u00f3w Korneliusza, papie\u017ca, i Cypriana, biskupa, w \u015brod\u0119 \u015awi\u0119to \u015bw. Stanis\u0142awa Kostki, zakonnika w pi\u0105tek wspomnienie&nbsp; \u015bwi\u0119tych m\u0119czennik\u00f3w Andrzeja Kim Taegon, prezbitera, Paw\u0142a Chong Hasang i Towarzyszy, w sobot\u0119 \u015awi\u0119to \u015bw. Mateusza, aposto\u0142a i ewangelisty.<\/li>\n\n<li>W \u015bwi\u0119to \u015aw. Rodziny Ojciec \u015awi\u0119ty Franciszek rozpocznie obch\u00f3d roku jubileuszowego. Has\u0142o przysz\u0142orocznego roku jubileuszowego brzmi: \u201ePielgrzymi nadziei\u201d. Co 25 lat Ko\u015bci\u00f3\u0142 daje nam \u0142ask\u0119 Roku \u015awi\u0119tego. Chcemy wzi\u0105\u0107 udzia\u0142 w Tych wydarzenia. W dniach 7-13 maj 2025 udamy si\u0119 na pielgrzymk\u0119 do Rzymu. Zapraszamy Parafian do uczestnictwa w tej pielgrzymce. <a href=\"http:\/\/www.nowa.swrodzina.org\/index.php\/2024\/09\/07\/pielgrzymka-rok-jubileuszowy-program\/\">Program i koszt pielgrzymki do Rzymu wywieszony jest w gablocie<\/a>. Zapisy w zakrystii po Mszach \u015awi\u0119tych.<\/li>\n\n<li>Przy wyj\u015bciu z ko\u015bcio\u0142a mo\u017cna naby\u0107 nowe numery prasy katolickiej (<em>Go\u015b\u0107 Niedzielny<\/em>, &nbsp;Go\u015b\u0107 Historia Ko\u015bcio\u0142a, <em>Niedziela, a dla dzieci Ma\u0142y Go\u015b\u0107<\/em>).<\/li><\/ol><p><\/p>","protected":false},"excerpt":{"rendered":"<p>Dzisiaj celebrujemy 24. niedziel\u0119 zwyk\u0142\u0105.<\/p>\n","protected":false},"author":1,"featured_media":196,"comment_status":"closed","ping_status":"closed","sticky":false,"template":"","format":"standard","meta":{"footnotes":""},"categories":[17],"tags":[],"class_list":["post-198","post","type-post","status-publish","format-standard","has-post-thumbnail","hentry","category-ogloszenia-i-intencje"],"_links":{"self":[{"href":"http:\/\/www.nowa.swrodzina.org\/index.php\/wp-json\/wp\/v2\/posts\/198","targetHints":{"allow":["GET"]}}],"collection":[{"href":"http:\/\/www.nowa.swrodzina.org\/index.php\/wp-json\/wp\/v2\/posts"}],"about":[{"href":"http:\/\/www.nowa.swrodzina.org\/index.php\/wp-json\/wp\/v2\/types\/post"}],"author":[{"embeddable":true,"href":"http:\/\/www.nowa.swrodzina.org\/index.php\/wp-json\/wp\/v2\/users\/1"}],"replies":[{"embeddable":true,"href":"http:\/\/www.nowa.swrodzina.org\/index.php\/wp-json\/wp\/v2\/comments?post=198"}],"version-history":[{"count":2,"href":"http:\/\/www.nowa.swrodzina.org\/index.php\/wp-json\/wp\/v2\/posts\/198\/revisions"}],"predecessor-version":[{"id":206,"href":"http:\/\/www.nowa.swrodzina.org\/index.php\/wp-json\/wp\/v2\/posts\/198\/revisions\/206"}],"wp:featuredmedia":[{"embeddable":true,"href":"http:\/\/www.nowa.swrodzina.org\/index.php\/wp-json\/wp\/v2\/media\/196"}],"wp:attachment":[{"href":"http:\/\/www.nowa.swrodzina.org\/index.php\/wp-json\/wp\/v2\/media?parent=198"}],"wp:term":[{"taxonomy":"category","embeddable":true,"href":"http:\/\/www.nowa.swrodzina.org\/index.php\/wp-json\/wp\/v2\/categories?post=198"},{"taxonomy":"post_tag","embeddable":true,"href":"http:\/\/www.nowa.swrodzina.org\/index.php\/wp-json\/wp\/v2\/tags?post=198"}],"curies":[{"name":"wp","href":"https:\/\/api.w.org\/{rel}","templated":true}]}}