{"id":195,"date":"2024-09-14T18:00:00","date_gmt":"2024-09-14T16:00:00","guid":{"rendered":"http:\/\/www.nowa.swrodzina.org\/?p=195"},"modified":"2024-09-13T09:54:51","modified_gmt":"2024-09-13T07:54:51","slug":"intencje-mszalne-xxiv-niedziela-zwykla","status":"publish","type":"post","link":"http:\/\/www.nowa.swrodzina.org\/index.php\/2024\/09\/14\/intencje-mszalne-xxiv-niedziela-zwykla\/","title":{"rendered":"Intencje Mszalne XXIV Niedziela Zwyk\u0142a"},"content":{"rendered":"<figure class=\"wp-block-table\"><table><tbody><tr><td class=\"has-text-align-center\" data-align=\"center\" colspan=\"7\"><strong>Poniedzia\u0142ek,<\/strong> 16 wrze\u015bnia 2024<\/td><\/tr><tr><td class=\"has-text-align-center\" data-align=\"center\" rowspan=\"3\"><strong>\u0141k 7, 1-10<\/strong> <br>Uzdrowienie s\u0142ugi setnika<br><strong><u>Wspomnienie \u015bwi\u0119tych m\u0119czennik\u00f3w Korneliusza, papie\u017ca, i Cypriana, biskupa<\/u><\/strong><\/td><td>12.00<\/td><td colspan=\"2\">1.<\/td><td colspan=\"3\">O Bo\u017ce b\u0142ogos\u0142awie\u0144stwo i szcz\u0119\u015bliwy powr\u00f3t do domu z obczyzny, dary Ducha \u015awi\u0119tego dla c\u00f3rki Aleksandry<\/td><\/tr><tr><td class=\"has-text-align-center\" data-align=\"center\" rowspan=\"2\">18.00<\/td><td colspan=\"2\">1.<\/td><td colspan=\"3\">\u015bp. Kazimierz GORYSZEWSKI (intencja od rodziny \u0179rubk\u00f3w z Jawida)<\/td><\/tr><tr><td class=\"has-text-align-center\" data-align=\"center\" colspan=\"2\">2.<\/td><td colspan=\"3\">O Bo\u017ce b\u0142ogos\u0142awie\u0144stwo, potrzebne \u0142aski i dary Ducha \u015awi\u0119tego dla Jeremiasza i Augustyna<\/td><\/tr><tr><td class=\"has-text-align-center\" data-align=\"center\" colspan=\"7\"><strong>Wtorek<\/strong>, 17 wrze\u015bnia 2024<\/td><\/tr><tr><td class=\"has-text-align-center\" data-align=\"center\" rowspan=\"2\"><strong>\u0141k 7, 11-17<\/strong> <br>Wskrzeszenie m\u0142odzie\u0144ca z Nain<\/td><td>12.00<\/td><td colspan=\"3\">1.<\/td><td colspan=\"2\">\u015bp. Henryk OSSOWSKI w 15 rocznic\u0119 \u015bmierci<\/td><\/tr><tr><td class=\"has-text-align-center\" data-align=\"center\">18.00<\/td><td colspan=\"3\">1.<\/td><td colspan=\"2\">\u015bp. Stanis\u0142aw O\u0141DAKOWSKI<\/td><\/tr><tr><td class=\"has-text-align-center\" data-align=\"center\" colspan=\"7\"><strong>\u015aroda<\/strong>, 18 wrze\u015bnia 2024<\/td><\/tr><tr><td class=\"has-text-align-center\" data-align=\"center\" rowspan=\"2\"><strong>\u0141k 2, 41-52<\/strong> <br>Powinienem by\u0107 w tym, co nale\u017cy do mego Ojca <br><strong><span style=\"text-decoration: underline;\">\u015awi\u0119to \u015bw. Stanis\u0142awa Kostki, zakonnika<\/span><\/strong><\/td><td>12.00<\/td><td colspan=\"3\">1.<\/td><td colspan=\"2\">\u015bp. J\u00f3zef<\/td><\/tr><tr><td class=\"has-text-align-center\" data-align=\"center\">18.00<\/td><td colspan=\"3\">1.<\/td><td colspan=\"2\">\u015bp. Felicja (11. rocznica&nbsp; \u015bmierci), Czes\u0142aw (20. rocznica \u015bmierci) PRZERYWACZ i zmarli rodzice z obojga stron<\/td><\/tr><tr><td class=\"has-text-align-center\" data-align=\"center\" colspan=\"7\"><strong>Czwartek<\/strong>, 19 wrze\u015bnia 2024<\/td><\/tr><tr><td class=\"has-text-align-center\" data-align=\"center\" rowspan=\"2\"><strong>\u0141k 7, 36-50<\/strong> <br>Odpuszczone s\u0105 jej liczne grzechy, poniewa\u017c bardzo umi\u0142owa\u0142a<\/td><td>12.00<\/td><td colspan=\"3\">1.<\/td><td colspan=\"2\">O Bo\u017ce b\u0142ogos\u0142awie\u0144stwo dla Anny<\/td><\/tr><tr><td class=\"has-text-align-center\" data-align=\"center\">18.00<\/td><td colspan=\"3\">1.<\/td><td colspan=\"2\">\u015bp. Kazimierz GORYSZEWSKI<\/td><\/tr><tr><td class=\"has-text-align-center\" data-align=\"center\" colspan=\"7\"><strong>Pi\u0105tek<\/strong>, 20 wrze\u015bnia 2024<\/td><\/tr><tr><td class=\"has-text-align-center\" data-align=\"center\" rowspan=\"2\"><strong>\u0141k 8, 1-3<\/strong> <br>Niewiasty wspieraj\u0105 Jezusa ze swojego mienia <br><strong><span style=\"text-decoration: underline;\">Wspomnienie \u015bwi\u0119tych m\u0119czennik\u00f3w Andrzeja Kim Taegon, prezbitera, Paw\u0142a Chong Hasang i Towarzyszy<\/span><\/strong><\/td><td colspan=\"2\">12.00<\/td><td colspan=\"2\">1.<\/td><td colspan=\"2\">Za czcicieli Mi\u0142osierdzia Bo\u017cego<\/td><\/tr><tr><td class=\"has-text-align-center\" data-align=\"center\" colspan=\"2\">18.00<\/td><td colspan=\"2\">1.<\/td><td colspan=\"2\">Za czcicieli Mi\u0142osierdzia Bo\u017cego<\/td><\/tr><tr><td class=\"has-text-align-center\" data-align=\"center\" colspan=\"7\"><strong>Sobota<\/strong>, 21 wrze\u015bnia 2024<\/td><\/tr><tr><td class=\"has-text-align-center\" data-align=\"center\" rowspan=\"2\"><strong>Mt 9, 9-13<\/strong> <br>P\u00f3jd\u017a za Mn\u0105! A on wsta\u0142 i poszed\u0142 za Nim <br><strong><u>\u015awi\u0119to \u015bw. Mateusza, aposto\u0142a i ewangelisty<\/u><\/strong><\/td><td>12.00<\/td><td colspan=\"4\">1.<\/td><td>O Bo\u017ce b\u0142ogos\u0142awie\u0144stwo, zdrowie, dary Ducha \u015awi\u0119tego dla ks. Mateusza \u0141USZCZYKIEWICZA w dniu imienin (Intencja od \u201eMargaretki\u201d)<\/td><\/tr><tr><td class=\"has-text-align-center\" data-align=\"center\">18.00<\/td><td colspan=\"4\">1.<\/td><td>\u015bp. Henryk URBA\u0143SKI<\/td><\/tr><tr><td class=\"has-text-align-center\" data-align=\"center\" colspan=\"7\"><strong>Niedziela, 22 wrze\u015bnia 2024<\/strong><\/td><\/tr><tr><td class=\"has-text-align-center\" data-align=\"center\" rowspan=\"6\"><strong>Mk 9, 30-37<\/strong> <br>Druga zapowied\u017a m\u0119ki i wezwanie do pokory <br><strong>25 niedziela zwyk\u0142a<\/strong><\/td><td>07.30<\/td><td colspan=\"5\">\u015bp. Ewa Konefa\u0142, Rajmund i Eugeniusz MAZURKIEWICZ i zmarli z rodziny<\/td><\/tr><tr><td class=\"has-text-align-center\" data-align=\"center\">09.00<\/td><td colspan=\"5\">\u015bp. Stefan LIPKOWSKI<\/td><\/tr><tr><td class=\"has-text-align-center\" data-align=\"center\">10.30<\/td><td colspan=\"5\">\u015bp. Anna TRYKOWSKA<\/td><\/tr><tr><td class=\"has-text-align-center\" data-align=\"center\">12.00<\/td><td colspan=\"5\">O Bo\u017ce b\u0142ogos\u0142awie\u0144stwo i potrzebne \u0142aski dla Mi\u0142osza w 9. rocznic\u0119 urodzin<\/td><\/tr><tr><td class=\"has-text-align-center\" data-align=\"center\">18.00<\/td><td colspan=\"5\">\u015bp. Waldemar (w 2. rocznic\u0119 \u015bmierci) i Feliks (w 15. rocznic\u0119 \u015bmierci) GAJEWSKICH i zmarli z rodziny z obojga stron<\/td><\/tr><tr><td class=\"has-text-align-center\" data-align=\"center\">20.00<\/td><td colspan=\"5\">\u015bp. Eugeniusz SKOCZYLAS<\/td><\/tr><\/tbody><\/table><\/figure>","protected":false},"excerpt":{"rendered":"<p>Intencje mszalne 16.09-22.09<\/p>\n","protected":false},"author":1,"featured_media":196,"comment_status":"closed","ping_status":"closed","sticky":false,"template":"","format":"standard","meta":{"footnotes":""},"categories":[17],"tags":[],"class_list":["post-195","post","type-post","status-publish","format-standard","has-post-thumbnail","hentry","category-ogloszenia-i-intencje"],"_links":{"self":[{"href":"http:\/\/www.nowa.swrodzina.org\/index.php\/wp-json\/wp\/v2\/posts\/195","targetHints":{"allow":["GET"]}}],"collection":[{"href":"http:\/\/www.nowa.swrodzina.org\/index.php\/wp-json\/wp\/v2\/posts"}],"about":[{"href":"http:\/\/www.nowa.swrodzina.org\/index.php\/wp-json\/wp\/v2\/types\/post"}],"author":[{"embeddable":true,"href":"http:\/\/www.nowa.swrodzina.org\/index.php\/wp-json\/wp\/v2\/users\/1"}],"replies":[{"embeddable":true,"href":"http:\/\/www.nowa.swrodzina.org\/index.php\/wp-json\/wp\/v2\/comments?post=195"}],"version-history":[{"count":1,"href":"http:\/\/www.nowa.swrodzina.org\/index.php\/wp-json\/wp\/v2\/posts\/195\/revisions"}],"predecessor-version":[{"id":197,"href":"http:\/\/www.nowa.swrodzina.org\/index.php\/wp-json\/wp\/v2\/posts\/195\/revisions\/197"}],"wp:featuredmedia":[{"embeddable":true,"href":"http:\/\/www.nowa.swrodzina.org\/index.php\/wp-json\/wp\/v2\/media\/196"}],"wp:attachment":[{"href":"http:\/\/www.nowa.swrodzina.org\/index.php\/wp-json\/wp\/v2\/media?parent=195"}],"wp:term":[{"taxonomy":"category","embeddable":true,"href":"http:\/\/www.nowa.swrodzina.org\/index.php\/wp-json\/wp\/v2\/categories?post=195"},{"taxonomy":"post_tag","embeddable":true,"href":"http:\/\/www.nowa.swrodzina.org\/index.php\/wp-json\/wp\/v2\/tags?post=195"}],"curies":[{"name":"wp","href":"https:\/\/api.w.org\/{rel}","templated":true}]}}