{"id":186,"date":"2024-08-31T17:47:44","date_gmt":"2024-08-31T15:47:44","guid":{"rendered":"https:\/\/www.nowa.swrodzina.org\/?p=186"},"modified":"2024-08-31T17:47:46","modified_gmt":"2024-08-31T15:47:46","slug":"ogloszenia-parafialne-xxii-niedziela-zwykla","status":"publish","type":"post","link":"http:\/\/www.nowa.swrodzina.org\/index.php\/2024\/08\/31\/ogloszenia-parafialne-xxii-niedziela-zwykla\/","title":{"rendered":"Og\u0142oszenia Parafialne XXII Niedziela Zwyk\u0142a"},"content":{"rendered":"<ol start=\"1\" class=\"wp-block-list\"><li>Dzisiaj celebrujemy 22. niedziel\u0119 zwyk\u0142\u0105. Na zako\u0144czenie Mszy \u015awi\u0119tej adoracja Naj\u015bwi\u0119tszego Sakramentu.<\/li>\n\n<li>Dzi\u015b obchodzimy 85. rocznic\u0119 wybuch II Wojny \u015awiatowej m\u00f3dlmy si\u0119 o pok\u00f3j na \u015bwiecie. Dzisiaj r\u00f3wnie\u017c obchodzimy dzie\u0144 modlitw o ochron\u0119 stworzenia ustawiony przez Papie\u017ca Franciszka.\u00a0<\/li>\n\n<li>Od dzisiaj, po okresie wakacyjnym, powraca niedzielna msza \u015bwi\u0119ta o godzinie 18.00. i wznawiamy wydawanie biuletynu parafialnego.<\/li>\n\n<li>Od dzisiejszej niedzieli mo\u017cna w zakrystii pobra\u0107 karty zg\u0142oszeniowe dla dzieci kt\u00f3re w roku 2025 przyst\u0105pi\u0105 do pierwszej spowiedzi i komunii \u015bwi\u0119tej. Wype\u0142nione karty prosimy odda\u0107 do kancelarii parafialnej lub zakrystii do ko\u0144ca wrze\u015bnia. W naszej parafii uroczysto\u015b\u0107 I komunii \u015bwi\u0119tej odb\u0119dzie si\u0119 w dniu 17 maja 2025 (sobota).<\/li>\n\n<li>W tym tygodniu wspominamy: we wtorek \u015bw. Grzegorza Wielkiego, papie\u017ca i doktora Ko\u015bcio\u0142a.<\/li>\n\n<li>Jutro, 2 wrze\u015bnia o godz. 8.00, zapraszamy dzieci, m\u0142odzie\u017c, rodzic\u00f3w, nauczycieli, wychowawc\u00f3w na msz\u0119 \u015bwi\u0119t\u0105\u00a0 z okazji rozpocz\u0119cia roku szkolnego i katechetycznego.<\/li>\n\n<li>Za tydzie\u0144 w Niedziel\u0119, podczas mszy \u015bwi\u0119tej o 12.00 zostan\u0105 pob\u0142ogos\u0142awione przybory szkolne dla pierwszoklasist\u00f3w.<\/li>\n\n<li>Wsp\u00f3lnota Odnowy w Duchu \u015awi\u0119tym <em>Nazaret<\/em> zaprasza jutro na wieczorn\u0105 Msz\u0119 \u015bw.<br>o godz. 18.00 i na godzinn\u0105 adoracj\u0119 Naj\u015bwi\u0119tszego Sakramentu po Mszy \u015bw.<br>w ko\u015bciele. <\/li>\n\n<li>Spotkanie dla bierzmowanych rok II w czwartek, 5 wrze\u015bnia, po mszy wieczornej w salce domu parafialnego.<\/li>\n\n<li>Spotkanie kr\u0119gu biblijnego w pi\u0105tek, 6 wrze\u015bnia, po mszy wieczornej w salce domu parafialnego<\/li>\n\n<li>Zbi\u00f3rka dla ministrant\u00f3w w sobot\u0119, 7 wrze\u015bnia, o 10.00 w ko\u015bciele. Zapraszamy r\u00f3wnie\u017c nowych ch\u0142opc\u00f3w kt\u00f3rzy by chcieli r\u00f3wnie\u017c s\u0142u\u017cy\u0107 przy o\u0142tarzu.<\/li>\n\n<li>Spotkanie scholii dzieci\u0119cej za tydzie\u0144 w niedziel\u0119 , 8 wrze\u015bnia, o 11.30 w ko\u015bciele. zapraszamy r\u00f3wnie\u017c nowe dzieci kt\u00f3re by chcia\u0142y swoim \u015bpiewem ubogaci\u0107 liturgi\u0119<\/li><\/ol><ol start=\"13\" class=\"wp-block-list\"><li>Kancelaria parafialna czynna jest we wtoki i czwartki od 15.30 do 17.30. W sprawach pilnych o ka\u017cdej porze.<\/li>\n\n<li>Parafia \u015bw. Rafa\u0142a Kalinowskiego organizuje wyjazd na uroczysto\u015bci odpustowe w\u00a0 sanktuarium w Gietrzwa\u0142dzie kt\u00f3re odb\u0119d\u0105 si\u0119 w przysz\u0142\u0105 niedziel\u0119. Koszt 50 z\u0142. Zapisy w parafii \u015bw. Rafa\u0142a lub telefonicznie 505\u00a0254\u00a0120.<\/li>\n\n<li>W pierwszy czwartek miesi\u0105ca zapraszamy do modlitwy o powo\u0142ania do kap\u0142a\u0144stwa i \u017cycia konsekrowanego. Msza \u015bw. za powo\u0142ania i powo\u0142anych o godz. 12.00. Tego dnia Komunia \u015bw. jest udzielana pod dwiema postaciami. Mo\u017cliwo\u015b\u0107 adoracji Naj\u015bwi\u0119tszego Sakramentu po Mszy po\u0142udniowej do Mszy wieczornej o godz. 18.00.<\/li>\n\n<li>W pierwszy pi\u0105tek miesi\u0105ca, prosimy o przyj\u0119cie Komunii wynagradzaj\u0105cej NSPJ. Msze \u015bw. o godz. 12.00 i o godz. 18.00. Spowied\u017a dla dzieci o 16.00 oraz o 16.30 msza \u015bwi\u0119ta. Tego dnia odwiedzimy chorych od godziny 8.30.\u00a0<\/li>\n\n<li>W pierwsz\u0105 sobot\u0119 miesi\u0105ca b\u0119dzie mo\u017cliwo\u015b\u0107 wynagrodzenia za grzechy pope\u0142nione przeciwko Niepokalanemu Sercu Naj\u015bwi\u0119tszej Maryi Panny o godz. 12.00. Zmiana tajemnic \u017bywego R\u00f3\u017ca\u0144ca po Mszy \u015bw. o godz. 12.00. Intencja modlitewna wsp\u00f3lnoty \u017bywego R\u00f3\u017ca\u0144ca w wrze\u015bniu:<\/li><\/ol><p class=\"has-text-align-center\">O powo\u0142ania kap\u0142a\u0144skie, zakonne i misyjne z naszej wsp\u00f3lnoty parafialnej oraz opiek\u0119 Bo\u017ca dla powo\u0142anych.<\/p><ol class=\"wp-block-list\"><li>Za tydzie\u0144, w niedziel\u0119, 8 wrze\u015bnia, ofiary sk\u0142adane w czasie Mszy \u015bw. b\u0119d\u0105 przeznaczone na prace remontowe.<\/li>\n\n<li>Przy wyj\u015bciu z ko\u015bcio\u0142a mo\u017cna naby\u0107 nowe numery prasy katolickiej (<em>Go\u015b\u0107 Niedzielny<\/em>, <em>Niedziela a dla dzieci Ma\u0142y Go\u015b\u0107<\/em>).<\/li><\/ol>","protected":false},"excerpt":{"rendered":"<p>Dzisiaj celebrujemy 22. niedziel\u0119 zwyk\u0142\u0105.<\/p>\n","protected":false},"author":1,"featured_media":184,"comment_status":"closed","ping_status":"closed","sticky":false,"template":"","format":"standard","meta":{"footnotes":""},"categories":[17],"tags":[],"class_list":["post-186","post","type-post","status-publish","format-standard","has-post-thumbnail","hentry","category-ogloszenia-i-intencje"],"_links":{"self":[{"href":"http:\/\/www.nowa.swrodzina.org\/index.php\/wp-json\/wp\/v2\/posts\/186","targetHints":{"allow":["GET"]}}],"collection":[{"href":"http:\/\/www.nowa.swrodzina.org\/index.php\/wp-json\/wp\/v2\/posts"}],"about":[{"href":"http:\/\/www.nowa.swrodzina.org\/index.php\/wp-json\/wp\/v2\/types\/post"}],"author":[{"embeddable":true,"href":"http:\/\/www.nowa.swrodzina.org\/index.php\/wp-json\/wp\/v2\/users\/1"}],"replies":[{"embeddable":true,"href":"http:\/\/www.nowa.swrodzina.org\/index.php\/wp-json\/wp\/v2\/comments?post=186"}],"version-history":[{"count":1,"href":"http:\/\/www.nowa.swrodzina.org\/index.php\/wp-json\/wp\/v2\/posts\/186\/revisions"}],"predecessor-version":[{"id":187,"href":"http:\/\/www.nowa.swrodzina.org\/index.php\/wp-json\/wp\/v2\/posts\/186\/revisions\/187"}],"wp:featuredmedia":[{"embeddable":true,"href":"http:\/\/www.nowa.swrodzina.org\/index.php\/wp-json\/wp\/v2\/media\/184"}],"wp:attachment":[{"href":"http:\/\/www.nowa.swrodzina.org\/index.php\/wp-json\/wp\/v2\/media?parent=186"}],"wp:term":[{"taxonomy":"category","embeddable":true,"href":"http:\/\/www.nowa.swrodzina.org\/index.php\/wp-json\/wp\/v2\/categories?post=186"},{"taxonomy":"post_tag","embeddable":true,"href":"http:\/\/www.nowa.swrodzina.org\/index.php\/wp-json\/wp\/v2\/tags?post=186"}],"curies":[{"name":"wp","href":"https:\/\/api.w.org\/{rel}","templated":true}]}}