{"id":183,"date":"2024-08-31T17:46:23","date_gmt":"2024-08-31T15:46:23","guid":{"rendered":"https:\/\/www.nowa.swrodzina.org\/?p=183"},"modified":"2024-08-31T17:46:25","modified_gmt":"2024-08-31T15:46:25","slug":"intencje-mszalne-xxii-niedziela-zwykla","status":"publish","type":"post","link":"http:\/\/www.nowa.swrodzina.org\/index.php\/2024\/08\/31\/intencje-mszalne-xxii-niedziela-zwykla\/","title":{"rendered":"Intencje Mszalne XXII Niedziela Zwyk\u0142a"},"content":{"rendered":"<figure class=\"wp-block-table\"><table><tbody><tr><td class=\"has-text-align-center\" data-align=\"center\" colspan=\"7\"><strong>Poniedzia\u0142ek,<\/strong> 2 wrze\u015bnia 2024<\/td><\/tr><tr><td class=\"has-text-align-center\" data-align=\"center\" rowspan=\"4\"><strong>\u00a0<\/strong> <strong>\u0141k 4, 16-30<\/strong> <br>Jezus nieprzyj\u0119ty w Nazarecie \u00a0<\/td><td>8.00<\/td><td colspan=\"2\">1.<\/td><td colspan=\"3\">O Bo\u017ce b\u0142ogos\u0142awie\u0144stwo i obfite \u0142aski dla uczni\u00f3w, rodzic\u00f3w i nauczycieli na nowy rok szkolny i katechetyczny.<\/td><\/tr><tr><td class=\"has-text-align-center\" data-align=\"center\">12.00<\/td><td colspan=\"2\">1.<\/td><td colspan=\"3\">\u015bp. Bronis\u0142awa (k), Piotr, zmarli z rodziny WAWRYSZUK\u00d3W, MARCHALEWSKICH, KORZENIEWSKICH, NESTOROWICZ<\/td><\/tr><tr><td class=\"has-text-align-center\" data-align=\"center\" rowspan=\"2\">18.00<\/td><td colspan=\"2\">1.<\/td><td colspan=\"3\">Dzi\u0119kczynno \u2013 b\u0142agalna o Bo\u017ce b\u0142ogos\u0142awie\u0144stwo, obfite \u0142aski, charyzmaty, dary i owoce Ducha \u015awi\u0119tego dla ks. Mateusza oraz cz\u0142onk\u00f3w wsp\u00f3lnoty \u201eNazaret\u201d i ich rodzin<\/td><\/tr><tr><td class=\"has-text-align-center\" data-align=\"center\" colspan=\"2\">2.<\/td><td colspan=\"3\">\u015bp. Leokadia MARCHEWKA w 9 rocznic\u0119 \u015bmierci i zmarli z rodziny MARCHEWKA I WOJTY\u0143SKICH<\/td><\/tr><tr><td class=\"has-text-align-center\" data-align=\"center\" colspan=\"7\"><strong>Wtorek<\/strong>, 3 wrze\u015bnia 2024<\/td><\/tr><tr><td class=\"has-text-align-center\" data-align=\"center\" rowspan=\"3\"><strong>\u0141k 4, 31-37<\/strong> <br>Uzdrowienie op\u0119tanego <br><strong><u>Wspomnienie \u015bw. Grzegorza Wielkiego, papie\u017ca i doktora Ko\u015bcio\u0142a<\/u><\/strong><\/td><td>12.00<\/td><td colspan=\"3\">1.<\/td><td colspan=\"2\">Za dusze w czy\u015b\u0107cu cierpi\u0105ce<\/td><\/tr><tr><td class=\"has-text-align-center\" data-align=\"center\" rowspan=\"2\">18.00<\/td><td colspan=\"3\">1.<\/td><td colspan=\"2\">\u015bp. Stefan LIPKOWSKI<\/td><\/tr><tr><td class=\"has-text-align-center\" data-align=\"center\" colspan=\"3\">2.<\/td><td colspan=\"2\">\u015bp. Marian ROKICKI<\/td><\/tr><tr><td class=\"has-text-align-center\" data-align=\"center\" colspan=\"7\"><strong>\u015aroda<\/strong>, 4 wrze\u015bnia 2024<\/td><\/tr><tr><td class=\"has-text-align-center\" data-align=\"center\" rowspan=\"3\"><strong>\u0141k 4, 38-44<\/strong> <br>Liczne uzdrowienia<\/td><td>12.00<\/td><td colspan=\"3\">1.<\/td><td colspan=\"2\">\u015bp. Ryszard KLACH (intencja od c\u00f3rki)<\/td><\/tr><tr><td class=\"has-text-align-center\" data-align=\"center\" rowspan=\"2\">18.00<\/td><td colspan=\"3\">1.<\/td><td colspan=\"2\">\u015bp. Jan, W\u0142adys\u0142awa (k) Witkiewicz, Franciszek, Anna PA\u0141KA, Henryk R\u00d3\u017bYCKI<\/td><\/tr><tr><td class=\"has-text-align-center\" data-align=\"center\" colspan=\"3\">2.<\/td><td colspan=\"2\">\u015bp. Stanis\u0142aw (m) VOGEL w 9 rocznic\u0119 \u015bmierci<\/td><\/tr><tr><td class=\"has-text-align-center\" data-align=\"center\" colspan=\"7\"><strong>Czwartek<\/strong>, 5 wrze\u015bnia 2024<\/td><\/tr><tr><td class=\"has-text-align-center\" data-align=\"center\" rowspan=\"3\"><strong>\u0141k 5, 1-11<\/strong> <br>Cudowny po\u0142\u00f3w ryb i powo\u0142anie aposto\u0142\u00f3w <strong><u>\u00a0<\/u><\/strong><\/td><td>12.00<\/td><td colspan=\"3\">1.<\/td><td colspan=\"2\">O \u015bwi\u0119te i liczne powo\u0142ania kap\u0142a\u0144skie, zakonne i misyjne oraz o wytrwa\u0142o\u015b\u0107 w powo\u0142aniu (intencja od wsp\u00f3lnoty \u017bywego R\u00f3\u017ca\u0144ca)<\/td><\/tr><tr><td class=\"has-text-align-center\" data-align=\"center\" rowspan=\"2\">18.00<\/td><td colspan=\"3\">1.<\/td><td colspan=\"2\">\u015bp. W\u0142adys\u0142aw STEMPLEWSKI<\/td><\/tr><tr><td class=\"has-text-align-center\" data-align=\"center\" colspan=\"3\">2.<\/td><td colspan=\"2\">\u015bp. Eugeniusz SKOCZYLAS<\/td><\/tr><tr><td class=\"has-text-align-center\" data-align=\"center\" colspan=\"7\"><strong>Pi\u0105tek<\/strong>, 6 &nbsp;wrze\u015bnia 2024<\/td><\/tr><tr><td class=\"has-text-align-center\" data-align=\"center\" rowspan=\"4\"><strong>\u0141k 5, 33-39<\/strong> <br>Nowo\u015b\u0107 nauki Jezusa<\/td><td colspan=\"2\">12.00<\/td><td colspan=\"2\">1.<\/td><td colspan=\"2\">Za czcicieli &nbsp;Naj\u015bwi\u0119tszego Serca Pana Jezusa<\/td><\/tr><tr><td class=\"has-text-align-center\" data-align=\"center\" colspan=\"2\">16.30<\/td><td colspan=\"2\">1.<\/td><td colspan=\"2\">O \u0142ask\u0119 zdrowia, Bo\u017c\u0105 opiek\u0119 dla Micha\u0142a KANIAK<\/td><\/tr><tr><td class=\"has-text-align-center\" data-align=\"center\" colspan=\"2\" rowspan=\"2\">18.00<\/td><td colspan=\"2\">1.<\/td><td colspan=\"2\">Za czcicieli &nbsp;Naj\u015bwi\u0119tszego Serca Pana Jezusa<\/td><\/tr><tr><td class=\"has-text-align-center\" data-align=\"center\" colspan=\"2\">2.<\/td><td colspan=\"2\">\u015bp. Alfons GDANIEC<\/td><\/tr><tr><td class=\"has-text-align-center\" data-align=\"center\" colspan=\"7\"><strong>Sobota<\/strong>, 7 &nbsp;wrze\u015bnia 2024<\/td><\/tr><tr><td class=\"has-text-align-center\" data-align=\"center\" rowspan=\"3\"><strong>\u0141k 6, 1-5<\/strong> <br>Chrystus jest Panem szabatu<\/td><td>12.00<\/td><td colspan=\"4\">1.<\/td><td>\u015bp. Stanis\u0142aw (m) w 20. rocznice \u015bmierci i Janina w 9. rocznice \u015bmierci G\u0141ADKA i zmarli z rodziny<\/td><\/tr><tr><td class=\"has-text-align-center\" data-align=\"center\" rowspan=\"2\">18.00<\/td><td colspan=\"4\">1.<\/td><td>\u015bp. Wies\u0142aw (m) Ireneusz, Bogdan ONISK, Anna, Piotr BREKAU, Piotr, Bo\u017cena, Wojciech, Helena, Bronis\u0142aw RUCI\u0143SCY, Jacek CHLEBI\u0143SKI, Janina STANISZEWSKA, Adam WI\u015aNIEWSKI, Zofia CHSZCZAWSKA,&nbsp; Piotr SZREDER i zmarli z rodziny SUCZY\u0143SKICH<\/td><\/tr><tr><td class=\"has-text-align-center\" data-align=\"center\" colspan=\"4\">2.<\/td><td>\u015bp. Helena SZAWDZIN i zmarli z rodziny<\/td><\/tr><tr><td class=\"has-text-align-center\" data-align=\"center\" colspan=\"7\"><strong>Niedziela, 8 wrze\u015bnia 2024<\/strong><\/td><\/tr><tr><td class=\"has-text-align-center\" data-align=\"center\" rowspan=\"6\"><strong>Mk 7, 31-37<\/strong> <br>Uzdrowienie g\u0142uchoniemego <br><strong>23 niedziela zwyk\u0142a<\/strong><\/td><td>07.30<\/td><td colspan=\"5\">\u015bp. J\u00f3zef, Zofia FLIS, W\u0142adys\u0142aw (m) SOSNOWSKI<\/td><\/tr><tr><td class=\"has-text-align-center\" data-align=\"center\">09.00<\/td><td colspan=\"5\">\u015bp J\u00f3zefa (k), Stanis\u0142aw i zmarli z rodziny z obojga stron<\/td><\/tr><tr><td class=\"has-text-align-center\" data-align=\"center\">10.30<\/td><td colspan=\"5\">Za ofiarodawc\u00f3w wspieraj\u0105cych kuchni\u0119 w Wenezueli<\/td><\/tr><tr><td class=\"has-text-align-center\" data-align=\"center\">12.00<\/td><td colspan=\"5\">O Bo\u017ce b\u0142ogos\u0142awie\u0144stwo, opiek\u0119 Matki Bo\u017cej, zdrowie i potrzebne \u0142aski dla Beaty i Marka w 34 rocznic\u0119 zawarcia sakramentu ma\u0142\u017ce\u0144stwa oraz dla dzieci i wnucz\u0105t<\/td><\/tr><tr><td class=\"has-text-align-center\" data-align=\"center\">18.00<\/td><td colspan=\"5\">\u015bp. Maria SZULC, J\u00f3zefa ANDRZEJEWSKA, Andrzej WO\u017bNIAK, Stefan WILCZY\u0143SKI, Margot ANDRZEJEWSKA, Halina FIDOZA i zmarli z rodziny SZULC, ANDRZEJEWSKICH, WO\u017bNIAK, WILCZY\u0143SKICH, FIDOZA<\/td><\/tr><tr><td class=\"has-text-align-center\" data-align=\"center\">20.00<\/td><td colspan=\"5\">\u015bp. Kazimierz GORYSZEWSKI (intencja od rodziny z Lubartowa) &nbsp;<\/td><\/tr><\/tbody><\/table><\/figure>","protected":false},"excerpt":{"rendered":"<p>Intencje mszalne 02.09-08.09<\/p>\n","protected":false},"author":1,"featured_media":184,"comment_status":"closed","ping_status":"closed","sticky":false,"template":"","format":"standard","meta":{"footnotes":""},"categories":[17],"tags":[],"class_list":["post-183","post","type-post","status-publish","format-standard","has-post-thumbnail","hentry","category-ogloszenia-i-intencje"],"_links":{"self":[{"href":"http:\/\/www.nowa.swrodzina.org\/index.php\/wp-json\/wp\/v2\/posts\/183","targetHints":{"allow":["GET"]}}],"collection":[{"href":"http:\/\/www.nowa.swrodzina.org\/index.php\/wp-json\/wp\/v2\/posts"}],"about":[{"href":"http:\/\/www.nowa.swrodzina.org\/index.php\/wp-json\/wp\/v2\/types\/post"}],"author":[{"embeddable":true,"href":"http:\/\/www.nowa.swrodzina.org\/index.php\/wp-json\/wp\/v2\/users\/1"}],"replies":[{"embeddable":true,"href":"http:\/\/www.nowa.swrodzina.org\/index.php\/wp-json\/wp\/v2\/comments?post=183"}],"version-history":[{"count":1,"href":"http:\/\/www.nowa.swrodzina.org\/index.php\/wp-json\/wp\/v2\/posts\/183\/revisions"}],"predecessor-version":[{"id":185,"href":"http:\/\/www.nowa.swrodzina.org\/index.php\/wp-json\/wp\/v2\/posts\/183\/revisions\/185"}],"wp:featuredmedia":[{"embeddable":true,"href":"http:\/\/www.nowa.swrodzina.org\/index.php\/wp-json\/wp\/v2\/media\/184"}],"wp:attachment":[{"href":"http:\/\/www.nowa.swrodzina.org\/index.php\/wp-json\/wp\/v2\/media?parent=183"}],"wp:term":[{"taxonomy":"category","embeddable":true,"href":"http:\/\/www.nowa.swrodzina.org\/index.php\/wp-json\/wp\/v2\/categories?post=183"},{"taxonomy":"post_tag","embeddable":true,"href":"http:\/\/www.nowa.swrodzina.org\/index.php\/wp-json\/wp\/v2\/tags?post=183"}],"curies":[{"name":"wp","href":"https:\/\/api.w.org\/{rel}","templated":true}]}}