{"id":178,"date":"2024-08-24T18:01:00","date_gmt":"2024-08-24T16:01:00","guid":{"rendered":"https:\/\/www.nowa.swrodzina.org\/?p=178"},"modified":"2024-08-24T16:31:33","modified_gmt":"2024-08-24T14:31:33","slug":"ogloszenia-parafialne-xxi-niedziela-zwykla","status":"publish","type":"post","link":"http:\/\/www.nowa.swrodzina.org\/index.php\/2024\/08\/24\/ogloszenia-parafialne-xxi-niedziela-zwykla\/","title":{"rendered":"Og\u0142oszenia Parafialne XXI Niedziela Zwyk\u0142a"},"content":{"rendered":"<ol start=\"1\" class=\"wp-block-list\"><li>Dzisiaj celebrujemy 21. niedziel\u0119 zwyk\u0142\u0105. Za tydzie\u0144 pierwsza niedziela miesi\u0105ca wrze\u015bnia, na zako\u0144czenie Mszy \u015bw. adoracja Naj\u015bwi\u0119tszego Sakramentu.<\/li>\n\n<li>Serdecznie dzi\u0119kujemy za ofiary sk\u0142adane na utrzymanie i funkcjonowanie Wy\u017cszego Seminarium Duchownego Diecezji Elbl\u0105skiej. W niedziel\u0119 tydzie\u0144 temu z\u0142o\u017cono na ten cel 1 995 z\u0142<\/li>\n\n<li>Po mszach \u015bwi\u0119tych b\u0119dzie zbierana puszka na rzecz parafialnego zespo\u0142u Caritas. Dzi\u0119ki Waszej pomocy w tym roku z naszej parafii na wakacyjny wypoczynek wyjecha\u0142o 10 os\u00f3b. Za wszystkie ofiary sk\u0142adamy serdeczne B\u00f3g zap\u0142a\u0107.<\/li>\n\n<li>W poniedzia\u0142ek obchodzimy uroczysto\u015b\u0107 Naj\u015bwi\u0119tszej Maryi Panny Cz\u0119stochowskiej. Msze \u015bwi\u0119te o godzinie 12.00 i 18.00. Tego dnia na zako\u0144czenie mszy \u015bwi\u0119tej odnowimy \u015bluby jasnog\u00f3rskie.<\/li>\n\n<li>We wtorek wspominamy \u00a0\u015bw. Monik\u0119, w \u015brod\u0119 \u015bw. Augustyna, biskupa i doktora Ko\u015bcio\u0142a, w czwartek m\u0119cze\u0144stwo \u015bw. Jana Chrzciciela.<\/li><\/ol><ol start=\"6\" class=\"wp-block-list\"><li>Od przysz\u0142ej niedzieli, po okresie wakacyjnym, powraca niedzielna msza \u015bwi\u0119ta o godzinie 18.00. i wznowimy wydawanie biuletynu parafialnego.<\/li>\n\n<li>Od przysz\u0142ej niedzieli, 1 wrze\u015bnia, b\u0119dzie mo\u017cliwo\u015b\u0107 zg\u0142oszenia dzieci, kt\u00f3re w roku 2025 przyst\u0105pi\u0105 do pierwszej spowiedzi i komunii \u015bwi\u0119tej. Karty zg\u0142oszeniowe mo\u017cna pobra\u0107 w zakrystii. Wype\u0142nione karty prosimy odda\u0107 do kancelarii parafialnej lub zakrystii do ko\u0144ca wrze\u015bnia. W naszej parafii uroczysto\u015b\u0107 I komunii \u015bwi\u0119tej odb\u0119dzie si\u0119 w dniu 17 maja 2025 (sobota)<\/li>\n\n<li>Zapraszamy na nabo\u017ce\u0144stwa w ci\u0105gu tygodnia: we \u015brod\u0119 Msza \u015bw. i Nowenna do Matki Bo\u017cej Nieustaj\u0105cej Pomocy, w pi\u0105tek Msza \u015bw. w intencjach Czcicieli Mi\u0142osierdzia Bo\u017cego i Koronka do Bo\u017cego Mi\u0142osierdzia.<\/li><\/ol><ol start=\"9\" class=\"wp-block-list\"><li>Kancelaria parafialna w okresie wakacyjnym czynna jest w czwartki i po mszach \u015bwi\u0119tych niedzielnych.<\/li>\n\n<li>Za tydzie\u0144, w poniedzia\u0142ek 2 wrze\u015bnia o godz. 8.00, zapraszamy dzieci, m\u0142odzie\u017c, rodzic\u00f3w, nauczycieli, wychowawc\u00f3w na msz\u0119 \u015bwi\u0119t\u0105 \u00a0z okazji rozpocz\u0119cia roku szkolnego i katechetycznego,<\/li>\n\n<li>Przy wyj\u015bciu z ko\u015bcio\u0142a mo\u017cna naby\u0107 nowe numery prasy katolickiej (<em>Go\u015b\u0107 Niedzielny<\/em>, <em>Niedziela<\/em>).<\/li>\n\n<li>\u017byczymy dobrego czasu wakacji, odpoczynku i nabierania si\u0142 na trud codziennej pracy.<\/li><\/ol>","protected":false},"excerpt":{"rendered":"<p>Dzisiaj celebrujemy 21. niedziel\u0119 zwyk\u0142\u0105.<\/p>\n","protected":false},"author":1,"featured_media":180,"comment_status":"closed","ping_status":"closed","sticky":false,"template":"","format":"standard","meta":{"footnotes":""},"categories":[17],"tags":[],"class_list":["post-178","post","type-post","status-publish","format-standard","has-post-thumbnail","hentry","category-ogloszenia-i-intencje"],"_links":{"self":[{"href":"http:\/\/www.nowa.swrodzina.org\/index.php\/wp-json\/wp\/v2\/posts\/178","targetHints":{"allow":["GET"]}}],"collection":[{"href":"http:\/\/www.nowa.swrodzina.org\/index.php\/wp-json\/wp\/v2\/posts"}],"about":[{"href":"http:\/\/www.nowa.swrodzina.org\/index.php\/wp-json\/wp\/v2\/types\/post"}],"author":[{"embeddable":true,"href":"http:\/\/www.nowa.swrodzina.org\/index.php\/wp-json\/wp\/v2\/users\/1"}],"replies":[{"embeddable":true,"href":"http:\/\/www.nowa.swrodzina.org\/index.php\/wp-json\/wp\/v2\/comments?post=178"}],"version-history":[{"count":1,"href":"http:\/\/www.nowa.swrodzina.org\/index.php\/wp-json\/wp\/v2\/posts\/178\/revisions"}],"predecessor-version":[{"id":182,"href":"http:\/\/www.nowa.swrodzina.org\/index.php\/wp-json\/wp\/v2\/posts\/178\/revisions\/182"}],"wp:featuredmedia":[{"embeddable":true,"href":"http:\/\/www.nowa.swrodzina.org\/index.php\/wp-json\/wp\/v2\/media\/180"}],"wp:attachment":[{"href":"http:\/\/www.nowa.swrodzina.org\/index.php\/wp-json\/wp\/v2\/media?parent=178"}],"wp:term":[{"taxonomy":"category","embeddable":true,"href":"http:\/\/www.nowa.swrodzina.org\/index.php\/wp-json\/wp\/v2\/categories?post=178"},{"taxonomy":"post_tag","embeddable":true,"href":"http:\/\/www.nowa.swrodzina.org\/index.php\/wp-json\/wp\/v2\/tags?post=178"}],"curies":[{"name":"wp","href":"https:\/\/api.w.org\/{rel}","templated":true}]}}