{"id":170,"date":"2024-08-10T18:01:00","date_gmt":"2024-08-10T16:01:00","guid":{"rendered":"https:\/\/www.nowa.swrodzina.org\/?p=170"},"modified":"2024-08-10T11:10:15","modified_gmt":"2024-08-10T09:10:15","slug":"ogloszenia-parafialne-xviii-niedziela-zwykla-2","status":"publish","type":"post","link":"http:\/\/www.nowa.swrodzina.org\/index.php\/2024\/08\/10\/ogloszenia-parafialne-xviii-niedziela-zwykla-2\/","title":{"rendered":"Og\u0142oszenia Parafialne XVIII Niedziela Zwyk\u0142a"},"content":{"rendered":"<ol start=\"1\" class=\"wp-block-list\"><li>Dzisiaj celebrujemy 19. niedziel\u0119 zwyk\u0142\u0105. Ofiary sk\u0142adane w czasie Mszy \u015bw.<br>s\u0105 przeznaczone na prace remontowe. Wszystkim ofiarodawcom serdecznie dzi\u0119kujemy.<\/li>\n\n<li>W czwartek 15 sierpnia, Uroczysto\u015b\u0107 Wniebowzi\u0119cia Naj\u015bwi\u0119tszej Maryi Panny. Na ka\u017cdej Mszy \u015bw. po\u015bwi\u0119cenie kwiat\u00f3w, zi\u00f3\u0142, p\u0142od\u00f3w ziemi. Porz\u0105dek Mszy \u015bw. niedzielny, czyli, 7.30, 9.00, 10.30, 12.00,\u00a0 i 20.00.<\/li>\n\n<li>W \u015brod\u0119 wspominamy \u015bw. Maksymiliana Marii Kolbego, prezbitera i m\u0119czennika, patrona Diecezji Elbl\u0105skiej, w sobot\u0119 wspominamy \u015bw. Jacka, prezbitera, tego dnia imienny obchodzi r\u00f3wnie\u017c biskup Jacek \u2013 pami\u0119tajmy o naszym Pasterzu w naszej modlitwie.<\/li><\/ol><ol start=\"4\" class=\"wp-block-list\"><li>We wtorek, 13.08. wspominamy czwarte objawienie si\u0119 Maryi w Fatimie. Zapraszamy do udzia\u0142u w wieczornej Mszy \u015bw. o godz. 18.00. Po Mszy \u015bw. odb\u0119dzie si\u0119 R\u00f3\u017caniec<br>i procesja z figur\u0105 NMP z Fatimy wok\u00f3\u0142 ko\u015bcio\u0142a. Prosimy, o wypisanie na karteczkach intencji r\u00f3\u017ca\u0144cowych i z\u0142o\u017cenie ich do skrzynki intencji po lewej stronie.<\/li>\n\n<li>Zapraszamy na nabo\u017ce\u0144stwa w ci\u0105gu tygodnia: we \u015brod\u0119 Msza \u015bw. i Nowenna do Matki Bo\u017cej Nieustaj\u0105cej Pomocy, w pi\u0105tek Msza \u015bw. w intencjach Czcicieli Mi\u0142osierdzia Bo\u017cego i Koronka do Bo\u017cego Mi\u0142osierdzia. W sobot\u0119 Msza \u015bw. w intencji Rodzin, Ma\u0142\u017ce\u0144stw i Os\u00f3b samotnych z b\u0142ogos\u0142awie\u0144stwem Naj\u015bwi\u0119tszym Sakramentem.<\/li>\n\n<li>Za tydzie\u0144 w niedziele o godz. 16.00 spotkanie pielgrzym\u00f3w udaj\u0105cych si\u0119 we wrze\u015bniu do Lourdes.<\/li>\n\n<li>Za tydzie\u0144 po Mszach \u015bw. b\u0119dzie zbierana puszka na utrzymanie i funkcjonowanie Wy\u017cszego Seminarium Duchownego Diecezji Elbl\u0105skiej. Z naszej wsp\u00f3lnoty parafialnej w Seminarium na 3 roku studiuje al. Krzysztof.<\/li>\n\n<li>Informujemy \u017ce w naszej parafii, zgodnie z nowelizacj\u0105 Kodeksu rodzinnego i opieku\u0144czego czyli tzw. \u201eustaw\u0105 Kamilka\u201d, zosta\u0142y wprowadzone wytyczne Standardu Ochrony Nieletnich. Mo\u017cna si\u0119 z nimi zapozna\u0107 na naszej stronie internetowej w zak\u0142adce Aktualno\u015bci oraz w kancelarii parafialnej.<\/li>\n\n<li>Przy wyj\u015bciu z ko\u015bcio\u0142a mo\u017cna naby\u0107 nowe numery prasy katolickiej (<em>Go\u015b\u0107 Niedzielny<\/em>, <em>Niedziela<\/em>).<\/li>\n\n<li>\u017byczymy dobrego czasu wakacji, odpoczynku i nabierania si\u0142 na trud pracy.<\/li><\/ol>","protected":false},"excerpt":{"rendered":"<p>Dzisiaj celebrujemy 19. niedziel\u0119 zwyk\u0142\u0105.<\/p>\n","protected":false},"author":1,"featured_media":168,"comment_status":"closed","ping_status":"closed","sticky":false,"template":"","format":"standard","meta":{"footnotes":""},"categories":[17],"tags":[],"class_list":["post-170","post","type-post","status-publish","format-standard","has-post-thumbnail","hentry","category-ogloszenia-i-intencje"],"_links":{"self":[{"href":"http:\/\/www.nowa.swrodzina.org\/index.php\/wp-json\/wp\/v2\/posts\/170","targetHints":{"allow":["GET"]}}],"collection":[{"href":"http:\/\/www.nowa.swrodzina.org\/index.php\/wp-json\/wp\/v2\/posts"}],"about":[{"href":"http:\/\/www.nowa.swrodzina.org\/index.php\/wp-json\/wp\/v2\/types\/post"}],"author":[{"embeddable":true,"href":"http:\/\/www.nowa.swrodzina.org\/index.php\/wp-json\/wp\/v2\/users\/1"}],"replies":[{"embeddable":true,"href":"http:\/\/www.nowa.swrodzina.org\/index.php\/wp-json\/wp\/v2\/comments?post=170"}],"version-history":[{"count":1,"href":"http:\/\/www.nowa.swrodzina.org\/index.php\/wp-json\/wp\/v2\/posts\/170\/revisions"}],"predecessor-version":[{"id":171,"href":"http:\/\/www.nowa.swrodzina.org\/index.php\/wp-json\/wp\/v2\/posts\/170\/revisions\/171"}],"wp:featuredmedia":[{"embeddable":true,"href":"http:\/\/www.nowa.swrodzina.org\/index.php\/wp-json\/wp\/v2\/media\/168"}],"wp:attachment":[{"href":"http:\/\/www.nowa.swrodzina.org\/index.php\/wp-json\/wp\/v2\/media?parent=170"}],"wp:term":[{"taxonomy":"category","embeddable":true,"href":"http:\/\/www.nowa.swrodzina.org\/index.php\/wp-json\/wp\/v2\/categories?post=170"},{"taxonomy":"post_tag","embeddable":true,"href":"http:\/\/www.nowa.swrodzina.org\/index.php\/wp-json\/wp\/v2\/tags?post=170"}],"curies":[{"name":"wp","href":"https:\/\/api.w.org\/{rel}","templated":true}]}}