{"id":167,"date":"2024-08-10T18:00:00","date_gmt":"2024-08-10T16:00:00","guid":{"rendered":"https:\/\/www.nowa.swrodzina.org\/?p=167"},"modified":"2024-08-10T11:08:44","modified_gmt":"2024-08-10T09:08:44","slug":"intencje-mszalne-xix-niedziela-zwykla","status":"publish","type":"post","link":"http:\/\/www.nowa.swrodzina.org\/index.php\/2024\/08\/10\/intencje-mszalne-xix-niedziela-zwykla\/","title":{"rendered":"Intencje Mszalne XIX Niedziela Zwyk\u0142a"},"content":{"rendered":"<figure class=\"wp-block-table\"><table><tbody><tr><td class=\"has-text-align-center\" data-align=\"center\" colspan=\"7\"><strong>Poniedzia\u0142ek,<\/strong> 12 sierpnia 2024<\/td><\/tr><tr><td class=\"has-text-align-center\" data-align=\"center\" rowspan=\"2\"><strong>Mt 17, 22-27<\/strong> <br>Podatek na \u015bwi\u0105tyni\u0119<\/td><td>12.00<\/td><td colspan=\"2\">1.<\/td><td colspan=\"3\">\u015bp. Paulina i J\u00f3zef i zmarli z rodziny<\/td><\/tr><tr><td class=\"has-text-align-center\" data-align=\"center\">18.00<\/td><td colspan=\"2\">1.<\/td><td colspan=\"3\">O Bo\u017ce b\u0142ogos\u0142awie\u0144stwo i potrzebne \u0142aski dla Joanny w 50 rocznic\u0119 urodzin oraz dla jej dzieci<\/td><\/tr><tr><td class=\"has-text-align-center\" data-align=\"center\" colspan=\"7\"><strong>Wtorek<\/strong>, 13 sierpnia 2024<\/td><\/tr><tr><td class=\"has-text-align-center\" data-align=\"center\" rowspan=\"2\"><strong>Mt 18, 1-5. 10. 12-14<\/strong> <br>Godno\u015b\u0107 dzieci. Przypowie\u015b\u0107 o zab\u0142\u0105kanej owcy<\/td><td>12.00<\/td><td colspan=\"3\">1.<\/td><td colspan=\"2\">\u015bp. Wanda, Czes\u0142aw, J\u00f3zef WISNY, Mieczys\u0142aw CHRUSZYK, Wac\u0142aw K\u0141OK<\/td><\/tr><tr><td class=\"has-text-align-center\" data-align=\"center\">18.00<\/td><td colspan=\"3\">1.<\/td><td colspan=\"2\">\u015bp. Zofia, Jan MALI\u0143SCY, Helena, Feliks PUZYNKIEWICZ<\/td><\/tr><tr><td class=\"has-text-align-center\" data-align=\"center\" colspan=\"7\"><strong>\u015aroda<\/strong>, 14 sierpnia 2024<\/td><\/tr><tr><td class=\"has-text-align-center\" data-align=\"center\" rowspan=\"3\"><strong>Mt 18, 15-20<\/strong> <br>Braterskie upomnienie <br><strong><u>Wspomnienie \u015bw.<\/u><\/strong> <strong><u>Maksymiliana Marii Kolbego, prezbitera i m\u0119czennika<\/u><\/strong><\/td><td>12.00<\/td><td colspan=\"3\">1.<\/td><td colspan=\"2\">O Bo\u017ce b\u0142ogos\u0142awie\u0144stwo, dary Ducha \u015awi\u0119tego dla Haliny z okazji urodzin<\/td><\/tr><tr><td class=\"has-text-align-center\" data-align=\"center\" rowspan=\"2\">18.00<\/td><td colspan=\"3\">1<\/td><td colspan=\"2\">O Bo\u017ce b\u0142ogos\u0142awie\u0144stwo i wszelkie potrzebne \u0142aski dla El\u017cbiety i Andrzeja z okazji 1. rocznicy sakramentu ma\u0142\u017ce\u0144stwa<\/td><\/tr><tr><td class=\"has-text-align-center\" data-align=\"center\" colspan=\"3\">2.<\/td><td colspan=\"2\">\u015bp. Antonina (k), Ka\u017amierz, Teresa KOTLEWSKA, Teresa ROSIEK, zmarli z rodziny KOTLEWSKICH i DRYL&nbsp;<\/td><\/tr><tr><td class=\"has-text-align-center\" data-align=\"center\" colspan=\"7\"><strong>Czwartek<\/strong>, 15 sierpnia 2024<\/td><\/tr><tr><td class=\"has-text-align-center\" data-align=\"center\" rowspan=\"6\"><strong>\u0141k 11, 27-28<\/strong> <br>B\u0142ogos\u0142awione \u0142ono, kt\u00f3re nosi\u0142o Chrystusa <br><strong><u>Uroczysto\u015b\u0107 Wniebowzi\u0119cia Naj\u015bwi\u0119tszej Maryi Panny<\/u><\/strong><\/td><td>7.30<\/td><td colspan=\"5\">Za Parafian<\/td><\/tr><tr><td class=\"has-text-align-center\" data-align=\"center\">9.00<\/td><td colspan=\"5\">\u015bp. Stefan LIPKOWSKI<\/td><\/tr><tr><td class=\"has-text-align-center\" data-align=\"center\">10.30<\/td><td colspan=\"5\">\u015bp. Leon REKOWSKI (48. rocz. \u015bmierci), Ludomi\u0142a i El\u017cbieta<\/td><\/tr><tr><td class=\"has-text-align-center\" data-align=\"center\">12.00<\/td><td colspan=\"5\">\u015bp. Halina PIEJDAK intencja od uczestnik\u00f3w i kadry \u015arodowiskowego Domu Samopomocy przy ul. Traugutta<\/td><\/tr><tr><td class=\"has-text-align-center\" data-align=\"center\">12.00<\/td><td colspan=\"5\">O Bo\u017ce b\u0142ogos\u0142awie\u0144stwo i potrzebne \u0142aski dla Roberta i Agaty z okazji 25. Rocznicy zawarcia ma\u0142\u017ce\u0144stwa<\/td><\/tr><tr><td class=\"has-text-align-center\" data-align=\"center\">20.00<\/td><td colspan=\"5\">\u015bp. El\u017cbieta DOBRZY\u0143SKA (12. rocz. \u015bmierci)<\/td><\/tr><tr><td class=\"has-text-align-center\" data-align=\"center\" colspan=\"7\"><strong>Pi\u0105tek<\/strong>, 16 sierpnia 2024<\/td><\/tr><tr><td class=\"has-text-align-center\" data-align=\"center\" rowspan=\"2\"><strong>Mt 19, 3-12<\/strong> <br>Nierozerwalno\u015b\u0107 ma\u0142\u017ce\u0144stwa<\/td><td colspan=\"2\">12.00<\/td><td colspan=\"2\">1.<\/td><td colspan=\"2\">Za czcicieli Mi\u0142osierdzia Bo\u017cego<\/td><\/tr><tr><td class=\"has-text-align-center\" data-align=\"center\" colspan=\"2\">18.00<\/td><td colspan=\"2\">1.<\/td><td colspan=\"2\">Za czcicieli Mi\u0142osierdzia Bo\u017cego<\/td><\/tr><tr><td class=\"has-text-align-center\" data-align=\"center\" colspan=\"7\"><strong>Sobota<\/strong>, 17 sierpnia 2024<\/td><\/tr><tr><td class=\"has-text-align-center\" data-align=\"center\" rowspan=\"2\"><strong>Mt 19, 13-15<\/strong> <br>Jezus b\u0142ogos\u0142awi dzieci <br><strong><u>Wspomnienie \u015bw. Jacka, prezbitera<\/u><\/strong><\/td><td>12.00<\/td><td colspan=\"4\">1.<\/td><td>\u015bp. Daniela (2. rocz. \u015bmierci), Eugeniusz ZALEWSCY<\/td><\/tr><tr><td class=\"has-text-align-center\" data-align=\"center\">18.00<\/td><td colspan=\"4\">1.<\/td><td>\u015bp. Emilia i W\u0142adys\u0142aw (m), siostra Teresa i zmarli z rodziny DREWNIAK<\/td><\/tr><tr><td class=\"has-text-align-center\" data-align=\"center\" colspan=\"7\"><strong>Niedziela, 18 sierpnia 2024<\/strong><\/td><\/tr><tr><td class=\"has-text-align-center\" data-align=\"center\" rowspan=\"6\"><strong>J 6, 51-58<\/strong> <br>Cia\u0142o moje jest prawdziwym pokarmem, Krew moja jest prawdziwym napojem <br><strong>20 niedziela zwyk\u0142a<\/strong><\/td><td>07.30<\/td><td colspan=\"5\">Za Parafian<\/td><\/tr><tr><td class=\"has-text-align-center\" data-align=\"center\">09.00<\/td><td colspan=\"5\">O Bo\u017ce b\u0142ogos\u0142awie\u0144stwo i zdrowie dla Bogdana z okazji 65. rocznicy urodzin<\/td><\/tr><tr><td class=\"has-text-align-center\" data-align=\"center\">10.30<\/td><td colspan=\"5\">W intencji Panu Bogu wiadomej<\/td><\/tr><tr><td class=\"has-text-align-center\" data-align=\"center\">10.30<\/td><td colspan=\"5\">&nbsp;<\/td><\/tr><tr><td class=\"has-text-align-center\" data-align=\"center\">12.00<\/td><td colspan=\"5\">\u015bp. Mieczys\u0142aw JURGU\u0106 (10 rocz. \u015bmierci)<\/td><\/tr><tr><td class=\"has-text-align-center\" data-align=\"center\">20.00<\/td><td colspan=\"5\">O Bo\u017ce b\u0142ogos\u0142awie\u0144stwo i opiek\u0119 Matki Bo\u017cej dla Marii, syna Marcina i jego rodziny<\/td><\/tr><\/tbody><\/table><\/figure>","protected":false},"excerpt":{"rendered":"<p>Intencje mszalne 12.08-18.08<\/p>\n","protected":false},"author":1,"featured_media":168,"comment_status":"closed","ping_status":"closed","sticky":false,"template":"","format":"standard","meta":{"footnotes":""},"categories":[17],"tags":[],"class_list":["post-167","post","type-post","status-publish","format-standard","has-post-thumbnail","hentry","category-ogloszenia-i-intencje"],"_links":{"self":[{"href":"http:\/\/www.nowa.swrodzina.org\/index.php\/wp-json\/wp\/v2\/posts\/167","targetHints":{"allow":["GET"]}}],"collection":[{"href":"http:\/\/www.nowa.swrodzina.org\/index.php\/wp-json\/wp\/v2\/posts"}],"about":[{"href":"http:\/\/www.nowa.swrodzina.org\/index.php\/wp-json\/wp\/v2\/types\/post"}],"author":[{"embeddable":true,"href":"http:\/\/www.nowa.swrodzina.org\/index.php\/wp-json\/wp\/v2\/users\/1"}],"replies":[{"embeddable":true,"href":"http:\/\/www.nowa.swrodzina.org\/index.php\/wp-json\/wp\/v2\/comments?post=167"}],"version-history":[{"count":1,"href":"http:\/\/www.nowa.swrodzina.org\/index.php\/wp-json\/wp\/v2\/posts\/167\/revisions"}],"predecessor-version":[{"id":169,"href":"http:\/\/www.nowa.swrodzina.org\/index.php\/wp-json\/wp\/v2\/posts\/167\/revisions\/169"}],"wp:featuredmedia":[{"embeddable":true,"href":"http:\/\/www.nowa.swrodzina.org\/index.php\/wp-json\/wp\/v2\/media\/168"}],"wp:attachment":[{"href":"http:\/\/www.nowa.swrodzina.org\/index.php\/wp-json\/wp\/v2\/media?parent=167"}],"wp:term":[{"taxonomy":"category","embeddable":true,"href":"http:\/\/www.nowa.swrodzina.org\/index.php\/wp-json\/wp\/v2\/categories?post=167"},{"taxonomy":"post_tag","embeddable":true,"href":"http:\/\/www.nowa.swrodzina.org\/index.php\/wp-json\/wp\/v2\/tags?post=167"}],"curies":[{"name":"wp","href":"https:\/\/api.w.org\/{rel}","templated":true}]}}