{"id":160,"date":"2024-08-03T20:01:01","date_gmt":"2024-08-03T18:01:01","guid":{"rendered":"https:\/\/www.nowa.swrodzina.org\/?p=160"},"modified":"2024-08-03T20:01:01","modified_gmt":"2024-08-03T18:01:01","slug":"ogloszenia-parafialne-xviii-niedziela-zwykla","status":"publish","type":"post","link":"http:\/\/www.nowa.swrodzina.org\/index.php\/2024\/08\/03\/ogloszenia-parafialne-xviii-niedziela-zwykla\/","title":{"rendered":"Og\u0142oszenia Parafialne XVIII Niedziela Zwyk\u0142a"},"content":{"rendered":"<ol class=\"wp-block-list\"><li>Dzisiaj celebrujemy 18. niedziel\u0119 zwyk\u0142\u0105 i niedziel\u0119 miesi\u0119cznej Adoracji Naj\u015bwi\u0119tszego Sakramentu.<\/li>\n\n<li>We wtorek, 06.08., b\u0119dziemy obchodzi\u0107 \u015awi\u0119to Przemienienia Pa\u0144skiego, w czwartek, 08.08., b\u0119dziemy wspomina\u0107 \u015bw. Dominika, prezbitera, w pi\u0105tek, 09.08, \u015awi\u0119to \u015bw. Teresy Benedykty od Krzy\u017ca, dziewicy i m\u0119czennicy, patronki Europy, a w sobot\u0119, 10.08, \u015awi\u0119to \u015bw. Wawrzy\u0144ca, diakona i m\u0119czennika.<\/li>\n\n<li>Za tydzie\u0144, w niedziel\u0119, 11.08. ofiary sk\u0142adane w czasie Mszy \u015bw. b\u0119d\u0105 przeznaczone na prace remontowe.<\/li>\n\n<li>Informujemy \u017ce w naszej parafii, zgodnie z nowelizacj\u0105 Kodeksu rodzinnego i opieku\u0144czego czyli tzw. \u201eustaw\u0105 Kamilka\u201d, zosta\u0142y wprowadzone wytyczne Standardu Ochrony Nieletnich. Mo\u017cna si\u0119 z nimi zapozna\u0107 na naszej stronie internetowej w zak\u0142adce Aktualno\u015bci.<\/li>\n\n<li>Przy wyj\u015bciu z ko\u015bcio\u0142a mo\u017cna naby\u0107 nowe numery prasy katolickiej (<em>Go\u015b\u0107 Niedzielny<\/em>, <em>Niedziela<\/em>).<\/li>\n\n<li>Jak co roku zach\u0119camy aby w miesi\u0105cu sierpniu nie spo\u017cywa\u0107 alkoholu i ofiarowa\u0107 to wyrzeczenie w intencji naszej Ojczyzny.<\/li>\n\n<li>\u017byczymy udanych i bezpiecznych wakacji, w czasie kt\u00f3rych nie zapominajmy o Panu Bogu.<\/li><\/ol>","protected":false},"excerpt":{"rendered":"<p>Dzisiaj celebrujemy 17. niedziel\u0119 zwyk\u0142\u0105.<\/p>\n","protected":false},"author":1,"featured_media":157,"comment_status":"closed","ping_status":"closed","sticky":false,"template":"","format":"standard","meta":{"footnotes":""},"categories":[17],"tags":[],"class_list":["post-160","post","type-post","status-publish","format-standard","has-post-thumbnail","hentry","category-ogloszenia-i-intencje"],"_links":{"self":[{"href":"http:\/\/www.nowa.swrodzina.org\/index.php\/wp-json\/wp\/v2\/posts\/160","targetHints":{"allow":["GET"]}}],"collection":[{"href":"http:\/\/www.nowa.swrodzina.org\/index.php\/wp-json\/wp\/v2\/posts"}],"about":[{"href":"http:\/\/www.nowa.swrodzina.org\/index.php\/wp-json\/wp\/v2\/types\/post"}],"author":[{"embeddable":true,"href":"http:\/\/www.nowa.swrodzina.org\/index.php\/wp-json\/wp\/v2\/users\/1"}],"replies":[{"embeddable":true,"href":"http:\/\/www.nowa.swrodzina.org\/index.php\/wp-json\/wp\/v2\/comments?post=160"}],"version-history":[{"count":1,"href":"http:\/\/www.nowa.swrodzina.org\/index.php\/wp-json\/wp\/v2\/posts\/160\/revisions"}],"predecessor-version":[{"id":161,"href":"http:\/\/www.nowa.swrodzina.org\/index.php\/wp-json\/wp\/v2\/posts\/160\/revisions\/161"}],"wp:featuredmedia":[{"embeddable":true,"href":"http:\/\/www.nowa.swrodzina.org\/index.php\/wp-json\/wp\/v2\/media\/157"}],"wp:attachment":[{"href":"http:\/\/www.nowa.swrodzina.org\/index.php\/wp-json\/wp\/v2\/media?parent=160"}],"wp:term":[{"taxonomy":"category","embeddable":true,"href":"http:\/\/www.nowa.swrodzina.org\/index.php\/wp-json\/wp\/v2\/categories?post=160"},{"taxonomy":"post_tag","embeddable":true,"href":"http:\/\/www.nowa.swrodzina.org\/index.php\/wp-json\/wp\/v2\/tags?post=160"}],"curies":[{"name":"wp","href":"https:\/\/api.w.org\/{rel}","templated":true}]}}