{"id":153,"date":"2024-07-27T19:38:04","date_gmt":"2024-07-27T17:38:04","guid":{"rendered":"http:\/\/www.nowa.swrodzina.org\/?p=153"},"modified":"2024-07-27T19:38:08","modified_gmt":"2024-07-27T17:38:08","slug":"ogloszenia-parafialne-xvii-niedziela-zwykla","status":"publish","type":"post","link":"http:\/\/www.nowa.swrodzina.org\/index.php\/2024\/07\/27\/ogloszenia-parafialne-xvii-niedziela-zwykla\/","title":{"rendered":"Og\u0142oszenia Parafialne XVII Niedziela Zwyk\u0142a"},"content":{"rendered":"<ol start=\"1\" class=\"wp-block-list\"><li>Dzisiaj celebrujemy 17. niedziel\u0119 zwyk\u0142\u0105.<\/li>\n\n<li>W imieniu pielgrzym\u00f3w, kt\u00f3rzy dzi\u015b wyruszyli w Pieszej Pielgrzymce na Jasn\u0105 G\u00f3r\u0119, dzi\u0119kuje za ofiary sk\u0142adane w zesz\u0142\u0105 niedziele. Zebrali 7100 z\u0142. Wielkie B\u00d3G ZAP\u0141A\u0106.<\/li>\n\n<li>Poniedzia\u0142ek, wspominamy \u015bw. Mart\u0119, Mari\u0119 i \u0141azarza, w \u015brod\u0119 \u015bw. Ignacego z Loyoli, prezbitera, w czwartek \u015bw. Alfonsa Liguoriego, biskupa i doktora Ko\u015bcio\u0142a oraz 80 rocznic\u0119 wybuchu Powstania Warszawskiego.<\/li>\n\n<li>Kancelaria parafialna w okresie wakacyjnym czynna jest w czwartki i po mszach \u015bwi\u0119tych.<\/li>\n\n<li>W lipcu zapraszamy do udzia\u0142u w nabo\u017ce\u0144stwach do Najdro\u017cszej Krwi Chrystusa, kt\u00f3re b\u0119d\u0105 prowadzone codziennie w dni powszednie o godz. 17.30. i w niedziel\u0119 o godz. 19.30. oraz na adoracj\u0119 Naj\u015bwi\u0119tszego Sakramentu w ciszy do Mszy wieczornej.<\/li>\n\n<li>W pierwszy czwartek miesi\u0105ca zapraszamy do modlitwy o powo\u0142ania do kap\u0142a\u0144stwa i \u017cycia konsekrowanego. Msza \u015bw. za powo\u0142ania i powo\u0142anych o godz. 12.00. Tego dnia Komunia \u015bw. jest udzielana pod dwiema postaciami. Mo\u017cliwo\u015b\u0107 adoracji Naj\u015bwi\u0119tszego Sakramentu po Mszy po\u0142udniowej do Mszy wieczornej o godz. 18.00.<\/li>\n\n<li>W pierwszy pi\u0105tek miesi\u0105ca, prosimy o przyj\u0119cie Komunii wynagradzaj\u0105cej NSPJ. Msze \u015bw. o godz. 12.00 i o godz. 18.00.<\/li>\n\n<li>W pierwsz\u0105 sobot\u0119 miesi\u0105ca b\u0119dzie mo\u017cliwo\u015b\u0107 wynagrodzenia za grzechy pope\u0142nione przeciwko Niepokalanemu Sercu Naj\u015bwi\u0119tszej Maryi Panny o godz. 12.00. Zmiana tajemnic \u017bywego R\u00f3\u017ca\u0144ca po Mszy \u015bw. o godz. 12.00. Intencja modlitewna wsp\u00f3lnoty \u017bywego R\u00f3\u017ca\u0144ca w sierpniu:<\/li><\/ol><p class=\"has-text-align-center\"><strong>O Bo\u017ce b\u0142ogos\u0142awie\u0144stwo dla rolnik\u00f3w i pracuj\u0105cych na roli jak r\u00f3wnie\u017c dla wypoczywaj\u0105cych oraz za pielgrzym\u00f3w udaj\u0105cych si\u0119 do Cz\u0119stochowy.<\/strong><\/p><ol start=\"9\" class=\"wp-block-list\"><li>Dzi\u0119kujemy za ofiary sk\u0142adane na cele zakupu pojazd\u00f3w dla misjonarzy. Zebrali\u015bmy 860 z\u0142 kt\u00f3re zosta\u0142y przekazane do fundacji Miva Polska.<\/li>\n\n<li>Przy wyj\u015bciu z ko\u015bcio\u0142a b\u0119dzie mo\u017cliwo\u015b\u0107 wsparcia parafialnego zespo\u0142u Caritas.<\/li>\n\n<li>Przy wyj\u015bciu z ko\u015bcio\u0142a mo\u017cna naby\u0107 nowe numery prasy katolickiej (<em>Go\u015b\u0107 Niedzielny<\/em>, <em>Niedziela<\/em>).<\/li>\n\n<li>Jak co roku zach\u0119camy aby w miesi\u0105cu sierpniu nie spo\u017cywa\u0107 alkoholu i ofiarowa\u0107 to wyrzeczenie w intencji naszej Ojczyzny.<\/li><\/ol><p class=\"has-text-align-center\"><strong>W minionym tygodniu odszed\u0142 do wieczno\u015bci:<\/strong><\/p><p class=\"has-text-align-center\">\u015bp. Stanis\u0142aw O\u0142dakowski w wieku 71 lat.<\/p><p class=\"has-text-align-center\"><em>Wieczny odpoczynek racz mu da\u0107, Panie.<\/em><em><\/em><\/p>","protected":false},"excerpt":{"rendered":"<p>Dzisiaj celebrujemy 17. niedziel\u0119 zwyk\u0142\u0105.<\/p>\n","protected":false},"author":1,"featured_media":152,"comment_status":"closed","ping_status":"closed","sticky":false,"template":"","format":"standard","meta":{"footnotes":""},"categories":[17],"tags":[],"class_list":["post-153","post","type-post","status-publish","format-standard","has-post-thumbnail","hentry","category-ogloszenia-i-intencje"],"_links":{"self":[{"href":"http:\/\/www.nowa.swrodzina.org\/index.php\/wp-json\/wp\/v2\/posts\/153","targetHints":{"allow":["GET"]}}],"collection":[{"href":"http:\/\/www.nowa.swrodzina.org\/index.php\/wp-json\/wp\/v2\/posts"}],"about":[{"href":"http:\/\/www.nowa.swrodzina.org\/index.php\/wp-json\/wp\/v2\/types\/post"}],"author":[{"embeddable":true,"href":"http:\/\/www.nowa.swrodzina.org\/index.php\/wp-json\/wp\/v2\/users\/1"}],"replies":[{"embeddable":true,"href":"http:\/\/www.nowa.swrodzina.org\/index.php\/wp-json\/wp\/v2\/comments?post=153"}],"version-history":[{"count":1,"href":"http:\/\/www.nowa.swrodzina.org\/index.php\/wp-json\/wp\/v2\/posts\/153\/revisions"}],"predecessor-version":[{"id":155,"href":"http:\/\/www.nowa.swrodzina.org\/index.php\/wp-json\/wp\/v2\/posts\/153\/revisions\/155"}],"wp:featuredmedia":[{"embeddable":true,"href":"http:\/\/www.nowa.swrodzina.org\/index.php\/wp-json\/wp\/v2\/media\/152"}],"wp:attachment":[{"href":"http:\/\/www.nowa.swrodzina.org\/index.php\/wp-json\/wp\/v2\/media?parent=153"}],"wp:term":[{"taxonomy":"category","embeddable":true,"href":"http:\/\/www.nowa.swrodzina.org\/index.php\/wp-json\/wp\/v2\/categories?post=153"},{"taxonomy":"post_tag","embeddable":true,"href":"http:\/\/www.nowa.swrodzina.org\/index.php\/wp-json\/wp\/v2\/tags?post=153"}],"curies":[{"name":"wp","href":"https:\/\/api.w.org\/{rel}","templated":true}]}}