{"id":136,"date":"2024-07-20T17:30:00","date_gmt":"2024-07-20T17:30:00","guid":{"rendered":"http:\/\/www.nowa.swrodzina.org\/?p=136"},"modified":"2024-07-20T10:36:15","modified_gmt":"2024-07-20T10:36:15","slug":"intencje-mszalne-xvi-niedziela-zwykla","status":"publish","type":"post","link":"http:\/\/www.nowa.swrodzina.org\/index.php\/2024\/07\/20\/intencje-mszalne-xvi-niedziela-zwykla\/","title":{"rendered":"Intencje Mszalne XVI Niedziela Zwyk\u0142a"},"content":{"rendered":"<figure class=\"wp-block-table\"><table><tbody><tr><td class=\"has-text-align-center\" data-align=\"center\" colspan=\"7\"><strong>Poniedzia\u0142ek,<\/strong> 22 lipca 2024<\/td><\/tr><tr><td class=\"has-text-align-center\" data-align=\"center\" rowspan=\"2\"><strong>J 20, 1. 11-18<\/strong> <br>Niewiasto, czemu p\u0142aczesz? Kogo szukasz? <br><strong><u>\u015awi\u0119to \u015bw. Marii Magdaleny<\/u><\/strong><\/td><td>12.00<\/td><td colspan=\"2\">1.<\/td><td colspan=\"3\">\u015bp. Antoni OGRODNIK w 26&nbsp; rocz. \u015bmierci&nbsp; i zmarli z rodziny<\/td><\/tr><tr><td class=\"has-text-align-center\" data-align=\"center\">18.00<\/td><td colspan=\"2\">1.<\/td><td colspan=\"3\">\u015bp. Regina KLACH<\/td><\/tr><tr><td class=\"has-text-align-center\" data-align=\"center\" colspan=\"7\"><strong>Wtorek<\/strong>, 23 lipca 2024<\/td><\/tr><tr><td class=\"has-text-align-center\" data-align=\"center\" rowspan=\"2\"><strong>J 15, 1-8<\/strong> <br>Kto trwa w Chrystusie, przynosi owoc obfity <br><strong><u>\u015awi\u0119to \u015bw. Brygidy, zakonnicy, Patronki Europy<\/u><\/strong><\/td><td>12.00<\/td><td colspan=\"3\">1.<\/td><td colspan=\"2\">\u015bp. Zygmunt U\u015aCINOWICZ w 29 rocz. \u015bmierci<\/td><\/tr><tr><td class=\"has-text-align-center\" data-align=\"center\">18.00<\/td><td colspan=\"3\">1.<\/td><td colspan=\"2\">O Bo\u017ce mi\u0142osierdzie i \u0142aski zado\u015b\u0107uczynienia za pope\u0142nione grzechy<\/td><\/tr><tr><td class=\"has-text-align-center\" data-align=\"center\" colspan=\"7\"><strong>\u015aroda<\/strong>, 24 lipca 2024<\/td><\/tr><tr><td class=\"has-text-align-center\" data-align=\"center\" rowspan=\"2\"><strong>Mt 13, 1-9<\/strong> <br>Przypowie\u015b\u0107 o siewcy <br><strong><u>Wspomnienie \u015bw. Kingi, dziewicy<\/u><\/strong><\/td><td>12.00<\/td><td colspan=\"3\">1.<\/td><td colspan=\"2\">\u015bp. Alicja BOBOWSKA, zmarli dziadkowie i zmarli z domu rodzinnego<\/td><\/tr><tr><td class=\"has-text-align-center\" data-align=\"center\">18.00<\/td><td colspan=\"3\">1.<\/td><td colspan=\"2\">O wype\u0142nienie woli Boga w \u017cyciu Jacka i Klary<\/td><\/tr><tr><td class=\"has-text-align-center\" data-align=\"center\" colspan=\"7\"><strong>Czwartek<\/strong>, 25 lipca 2024<\/td><\/tr><tr><td class=\"has-text-align-center\" data-align=\"center\" rowspan=\"2\"><strong>Mt 20, 20-28<\/strong> <br>Kielich m\u00f3j pi\u0107 b\u0119dziecie <br><strong><u>\u015awi\u0119to \u015bw. Jakuba, aposto\u0142a<\/u><\/strong><\/td><td>12.00<\/td><td colspan=\"3\">1.<\/td><td colspan=\"2\">\u015bp. Stefan LIPKOWSKI<\/td><\/tr><tr><td class=\"has-text-align-center\" data-align=\"center\">18.00<\/td><td colspan=\"3\">1.<\/td><td colspan=\"2\">\u015bp. Ka\u017amierz Zieli\u0144ski (32 rocz. \u015bmierci), Hanna Zieli\u0144ska i zmarli z rodzinny&nbsp;<\/td><\/tr><tr><td class=\"has-text-align-center\" data-align=\"center\" colspan=\"7\"><strong>Pi\u0105tek<\/strong>, 26 lipca 2024<\/td><\/tr><tr><td class=\"has-text-align-center\" data-align=\"center\" rowspan=\"2\"><strong>Mt 13, 18-23<\/strong><br> Wyja\u015bnienie przypowie\u015bci o siewcy <br><strong><u>Wspomnienie \u015bw. Joachima i Anny, rodzic\u00f3w Naj\u015bwi\u0119tszej Maryi Panny<\/u><\/strong><\/td><td colspan=\"2\">12.00<\/td><td colspan=\"2\">1.<\/td><td colspan=\"2\">Za czcicieli Mi\u0142osierdzia Bo\u017cego<\/td><\/tr><tr><td class=\"has-text-align-center\" data-align=\"center\" colspan=\"2\">18.00<\/td><td colspan=\"2\">1.<\/td><td colspan=\"2\">Za czcicieli Mi\u0142osierdzia Bo\u017cego<\/td><\/tr><tr><td class=\"has-text-align-center\" data-align=\"center\" colspan=\"7\"><strong>Sobota<\/strong>, 27 lipca 2024<\/td><\/tr><tr><td class=\"has-text-align-center\" data-align=\"center\" rowspan=\"2\"><strong>Mt 13, 24-30<\/strong> <br>Przypowie\u015b\u0107 o chwa\u015bcie w\u015br\u00f3d zbo\u017ca<\/td><td>12.00<\/td><td colspan=\"4\">1.<\/td><td>\u015bp. Wies\u0142aw (M) RAZMUK&nbsp; w 1 rocznic\u0119 \u015bmierci<\/td><\/tr><tr><td class=\"has-text-align-center\" data-align=\"center\">18.00<\/td><td colspan=\"4\">1.<\/td><td>\u015bp. Marian ROKICKI<\/td><\/tr><tr><td class=\"has-text-align-center\" data-align=\"center\" colspan=\"7\"><strong>Niedziela, 28 lipca 2024<\/strong><\/td><\/tr><tr><td class=\"has-text-align-center\" data-align=\"center\" rowspan=\"5\"><strong>J 6, 1-15<\/strong><br> Rozmno\u017cenie chleba <br><strong>17 niedziela zwyk\u0142a<\/strong><\/td><td>07.30<\/td><td colspan=\"5\">Za parafian<\/td><\/tr><tr><td class=\"has-text-align-center\" data-align=\"center\">09.00<\/td><td colspan=\"5\">\u015bp. Zofia i Franciszek i zmarli z rodziny SEROCKICH<\/td><\/tr><tr><td class=\"has-text-align-center\" data-align=\"center\">10.30<\/td><td colspan=\"5\">\u015bp. Stanis\u0142awa (k) WO\u0141KOWICZ w dniu urodzin, Zdzis\u0142aw, Zofia, W\u0142adys\u0142aw, Teresa, Gra\u017cyna, Ewa<\/td><\/tr><tr><td class=\"has-text-align-center\" data-align=\"center\">12.00<\/td><td colspan=\"5\">\u015bp. Jan \u015aMIGOWSKI w 10 rocz. \u015bmierci i zmarli z rodzinny&nbsp; \u015aMIGOWSKICH i CIENKUSZ<\/td><\/tr><tr><td class=\"has-text-align-center\" data-align=\"center\">20.00<\/td><td colspan=\"5\">\u015bp. Eleonora i Adam PUPLEWICZ, Maria GRABOWSKA<\/td><\/tr><\/tbody><\/table><\/figure>","protected":false},"excerpt":{"rendered":"<p>Intencje mszalne 22.07-28.07<\/p>\n","protected":false},"author":1,"featured_media":137,"comment_status":"closed","ping_status":"closed","sticky":false,"template":"","format":"standard","meta":{"footnotes":""},"categories":[17],"tags":[],"class_list":["post-136","post","type-post","status-publish","format-standard","has-post-thumbnail","hentry","category-ogloszenia-i-intencje"],"_links":{"self":[{"href":"http:\/\/www.nowa.swrodzina.org\/index.php\/wp-json\/wp\/v2\/posts\/136","targetHints":{"allow":["GET"]}}],"collection":[{"href":"http:\/\/www.nowa.swrodzina.org\/index.php\/wp-json\/wp\/v2\/posts"}],"about":[{"href":"http:\/\/www.nowa.swrodzina.org\/index.php\/wp-json\/wp\/v2\/types\/post"}],"author":[{"embeddable":true,"href":"http:\/\/www.nowa.swrodzina.org\/index.php\/wp-json\/wp\/v2\/users\/1"}],"replies":[{"embeddable":true,"href":"http:\/\/www.nowa.swrodzina.org\/index.php\/wp-json\/wp\/v2\/comments?post=136"}],"version-history":[{"count":1,"href":"http:\/\/www.nowa.swrodzina.org\/index.php\/wp-json\/wp\/v2\/posts\/136\/revisions"}],"predecessor-version":[{"id":138,"href":"http:\/\/www.nowa.swrodzina.org\/index.php\/wp-json\/wp\/v2\/posts\/136\/revisions\/138"}],"wp:featuredmedia":[{"embeddable":true,"href":"http:\/\/www.nowa.swrodzina.org\/index.php\/wp-json\/wp\/v2\/media\/137"}],"wp:attachment":[{"href":"http:\/\/www.nowa.swrodzina.org\/index.php\/wp-json\/wp\/v2\/media?parent=136"}],"wp:term":[{"taxonomy":"category","embeddable":true,"href":"http:\/\/www.nowa.swrodzina.org\/index.php\/wp-json\/wp\/v2\/categories?post=136"},{"taxonomy":"post_tag","embeddable":true,"href":"http:\/\/www.nowa.swrodzina.org\/index.php\/wp-json\/wp\/v2\/tags?post=136"}],"curies":[{"name":"wp","href":"https:\/\/api.w.org\/{rel}","templated":true}]}}