{"id":107,"date":"2024-06-29T20:40:31","date_gmt":"2024-06-29T20:40:31","guid":{"rendered":"https:\/\/www.nowa.swrodzina.org\/?p=107"},"modified":"2024-06-29T20:42:11","modified_gmt":"2024-06-29T20:42:11","slug":"intencje-mszalne-xiii-niedziela-zwykla","status":"publish","type":"post","link":"http:\/\/www.nowa.swrodzina.org\/index.php\/2024\/06\/29\/intencje-mszalne-xiii-niedziela-zwykla\/","title":{"rendered":"Intencje Mszalne XIII Niedziela Zwyk\u0142a"},"content":{"rendered":"<figure class=\"wp-block-table\"><table><tbody><tr><td class=\"has-text-align-center\" data-align=\"center\" colspan=\"7\"><strong>Poniedzia\u0142ek,<\/strong> 1 lipca 2024<\/td><\/tr><tr><td class=\"has-text-align-center\" data-align=\"center\" rowspan=\"2\"><strong>Mt 8, 18-22<\/strong> <br>Trzeba porzuci\u0107 wszystko, aby i\u015b\u0107 za Jezusem <strong><u>\u00a0<\/u><\/strong><\/td><td>12.00<\/td><td colspan=\"2\">1.<\/td><td colspan=\"3\">O Bo\u017ce b\u0142ogos\u0142awie\u0144stwo dla dzieci: Justyny, Rados\u0142awa, Piotra i wnuka Roberta oraz dla Haliny i Ka\u017amierza z okazji 50 \u2013 lecia ma\u0142\u017ce\u0144stwa<\/td><\/tr><tr><td class=\"has-text-align-center\" data-align=\"center\">18.00<\/td><td colspan=\"2\">1.<\/td><td colspan=\"3\">\u015bp. Urszula Nidzgorska w 1 rocz. \u015bmierci<\/td><\/tr><tr><td class=\"has-text-align-center\" data-align=\"center\" colspan=\"7\"><strong>Wtorek<\/strong>, 2 lipca 2024<\/td><\/tr><tr><td class=\"has-text-align-center\" data-align=\"center\" rowspan=\"2\"><strong>Mt 8, 23-27<\/strong> <br>Uciszenie burzy na jeziorze<\/td><td>12.00<\/td><td colspan=\"3\">1.<\/td><td colspan=\"2\">Za dusze w czy\u015b\u0107cu cierpi\u0105ce<\/td><\/tr><tr><td class=\"has-text-align-center\" data-align=\"center\">18.00<\/td><td colspan=\"3\">1.<\/td><td colspan=\"2\">\u015bp. Henryk U\u015bcionowicz w 1 rocz. \u015bmierci<\/td><\/tr><tr><td class=\"has-text-align-center\" data-align=\"center\" colspan=\"2\">&nbsp;<\/td><td colspan=\"5\"><strong>\u015aroda<\/strong>, 3 lipca 2024<\/td><\/tr><tr><td class=\"has-text-align-center\" data-align=\"center\" rowspan=\"2\"><strong>\u00a0<\/strong> <strong>J 20, 24-29<\/strong><br> Pan m\u00f3j i B\u00f3g m\u00f3j <br><strong><u>\u015awi\u0119to \u015bw. Tomasza, aposto\u0142a<\/u><\/strong> \u00a0<\/td><td>12.00<\/td><td colspan=\"3\">1.<\/td><td colspan=\"2\">\u015bp. Longin Tuszy\u0144ski<\/td><\/tr><tr><td class=\"has-text-align-center\" data-align=\"center\">18.00<\/td><td colspan=\"3\">1.<\/td><td colspan=\"2\">O powr\u00f3t do zdrowia, Bo\u017ce b\u0142ogos\u0142awie\u0144stwo, opiek\u0119 Matki Bo\u017cej dla syna Dariusza po operacji<\/td><\/tr><tr><td class=\"has-text-align-center\" data-align=\"center\" colspan=\"7\"><strong>Czwartek<\/strong>, 4 lipca 2024<\/td><\/tr><tr><td class=\"has-text-align-center\" data-align=\"center\" rowspan=\"2\"><strong>Mt 9, 1-8<\/strong> <br>Jezus uzdrawia paralityka i odpuszcza mu grzechy<\/td><td>12.00<\/td><td colspan=\"3\">1.<\/td><td colspan=\"2\">O \u015awi\u0119te i liczne powo\u0142ania kap\u0142a\u0144skie zakonne i misyjne oraz o wytrwanie w powo\u0142aniu \u2013 intencja od \u017bywego R\u00f3\u017ca\u0144ca<\/td><\/tr><tr><td class=\"has-text-align-center\" data-align=\"center\">18.00<\/td><td colspan=\"3\">1.<\/td><td colspan=\"2\">\u015bp. Andrzej Falkowski w 2 rocznic\u0119 \u015bmierci<\/td><\/tr><tr><td class=\"has-text-align-center\" data-align=\"center\" colspan=\"7\"><strong>Pi\u0105tek<\/strong>, 5 lipca 2024<\/td><\/tr><tr><td class=\"has-text-align-center\" data-align=\"center\" rowspan=\"2\"><strong>Mt 9, 9-13<\/strong><br> Powo\u0142anie Mateusza<\/td><td colspan=\"2\">12.00<\/td><td colspan=\"2\">1.<\/td><td colspan=\"2\">Za czcicieli &nbsp;Naj\u015bwi\u0119tszego Serca Pana Jezusa<\/td><\/tr><tr><td class=\"has-text-align-center\" data-align=\"center\" colspan=\"2\">18.00<\/td><td colspan=\"2\">1.<\/td><td colspan=\"2\">Za czcicieli &nbsp;Naj\u015bwi\u0119tszego Serca Pana Jezusa<\/td><\/tr><tr><td class=\"has-text-align-center\" data-align=\"center\" colspan=\"7\"><strong>Sobota<\/strong>, 6 lipca 2024<\/td><\/tr><tr><td class=\"has-text-align-center\" data-align=\"center\" rowspan=\"2\"><strong>Mt 9, 14-17<\/strong> <br>Nie mo\u017cna stosowa\u0107 zwyczaj\u00f3w Starego Przymierza do Nowego <br><strong><u>Wspomnienie b\u0142. Marii Teresy Led\u00f3chowskiej, dziewicy<\/u><\/strong> <strong><u>\u00a0<\/u><\/strong><\/td><td>12.00<\/td><td colspan=\"4\">1.<\/td><td>\u015bp. &nbsp;Longin Tuszy\u0144ski<\/td><\/tr><tr><td class=\"has-text-align-center\" data-align=\"center\">18.00<\/td><td colspan=\"4\">1.<\/td><td>\u015bp. Danuta Wizgo w 43 rocznic\u0119 \u015bmierci<\/td><\/tr><tr><td class=\"has-text-align-center\" data-align=\"center\" colspan=\"7\"><strong>Niedziela, 7 lipca 2024<\/strong><\/td><\/tr><tr><td class=\"has-text-align-center\" data-align=\"center\" rowspan=\"5\"><strong>Mk 6, 1-6<\/strong> <br>Jezus lekcewa\u017cony w Nazarecie <br><strong>13 niedziela zwyk\u0142a<\/strong><\/td><td>07.30<\/td><td colspan=\"5\">Za Parafian<\/td><\/tr><tr><td class=\"has-text-align-center\" data-align=\"center\">09.00<\/td><td colspan=\"5\">\u015ap. Bronis\u0142awa (k), Grajkowska i Mieczys\u0142aw w 3 rocznic\u0119 \u015bmierci<\/td><\/tr><tr><td class=\"has-text-align-center\" data-align=\"center\">10.30<\/td><td colspan=\"5\">Za ofiarodawc\u00f3w kuchni w Wenezueli<\/td><\/tr><tr><td class=\"has-text-align-center\" data-align=\"center\">12.00<\/td><td colspan=\"5\">O Bo\u017ce b\u0142ogos\u0142awie\u0144stwo i opiek\u0119 Matki Bo\u017cej dla wszystkich wypoczywaj\u0105cych, aby Pami\u0119tali o Bogu w czasie wypoczynku letniego \u2013 III r\u00f3\u017ca<\/td><\/tr><tr><td class=\"has-text-align-center\" data-align=\"center\">20.00<\/td><td colspan=\"5\">\u015ap. Gra\u017cyna Rutkowska w 15 rocznic\u0119 \u015bmierci \u2013 intencja od przyjaci\u00f3\u0142<\/td><\/tr><\/tbody><\/table><\/figure>","protected":false},"excerpt":{"rendered":"<p>Poniedzia\u0142ek, 1 lipca 2024 Mt 8, 18-22 Trzeba porzuci\u0107 wszystko, aby i\u015b\u0107 za Jezusem \u00a0 12.00 1. O Bo\u017ce b\u0142ogos\u0142awie\u0144stwo dla dzieci: Justyny, Rados\u0142awa, Piotra i wnuka Roberta oraz dla [&hellip;]<\/p>\n","protected":false},"author":2,"featured_media":111,"comment_status":"closed","ping_status":"closed","sticky":false,"template":"","format":"standard","meta":{"footnotes":""},"categories":[17],"tags":[],"class_list":["post-107","post","type-post","status-publish","format-standard","has-post-thumbnail","hentry","category-ogloszenia-i-intencje"],"_links":{"self":[{"href":"http:\/\/www.nowa.swrodzina.org\/index.php\/wp-json\/wp\/v2\/posts\/107","targetHints":{"allow":["GET"]}}],"collection":[{"href":"http:\/\/www.nowa.swrodzina.org\/index.php\/wp-json\/wp\/v2\/posts"}],"about":[{"href":"http:\/\/www.nowa.swrodzina.org\/index.php\/wp-json\/wp\/v2\/types\/post"}],"author":[{"embeddable":true,"href":"http:\/\/www.nowa.swrodzina.org\/index.php\/wp-json\/wp\/v2\/users\/2"}],"replies":[{"embeddable":true,"href":"http:\/\/www.nowa.swrodzina.org\/index.php\/wp-json\/wp\/v2\/comments?post=107"}],"version-history":[{"count":1,"href":"http:\/\/www.nowa.swrodzina.org\/index.php\/wp-json\/wp\/v2\/posts\/107\/revisions"}],"predecessor-version":[{"id":110,"href":"http:\/\/www.nowa.swrodzina.org\/index.php\/wp-json\/wp\/v2\/posts\/107\/revisions\/110"}],"wp:featuredmedia":[{"embeddable":true,"href":"http:\/\/www.nowa.swrodzina.org\/index.php\/wp-json\/wp\/v2\/media\/111"}],"wp:attachment":[{"href":"http:\/\/www.nowa.swrodzina.org\/index.php\/wp-json\/wp\/v2\/media?parent=107"}],"wp:term":[{"taxonomy":"category","embeddable":true,"href":"http:\/\/www.nowa.swrodzina.org\/index.php\/wp-json\/wp\/v2\/categories?post=107"},{"taxonomy":"post_tag","embeddable":true,"href":"http:\/\/www.nowa.swrodzina.org\/index.php\/wp-json\/wp\/v2\/tags?post=107"}],"curies":[{"name":"wp","href":"https:\/\/api.w.org\/{rel}","templated":true}]}}